{"id":568,"date":"2021-10-25T21:12:11","date_gmt":"2021-10-26T00:12:11","guid":{"rendered":"https:\/\/wp.ufpel.edu.br\/dce\/?p=568"},"modified":"2021-10-25T21:14:34","modified_gmt":"2021-10-26T00:14:34","slug":"dce-e-pra-lutar-participa-pela-primeira-vez-da-reuniao-do-conselho-consultivo-do-hospital-escola-ufpel-ebserh","status":"publish","type":"post","link":"https:\/\/wp.ufpel.edu.br\/dce\/dce-e-pra-lutar-participa-pela-primeira-vez-da-reuniao-do-conselho-consultivo-do-hospital-escola-ufpel-ebserh\/","title":{"rendered":"DCE \u00e9 pra Lutar participa pela primeira vez da reuni\u00e3o do Conselho Consultivo do Hospital Escola UFPEL\/EBSERH"},"content":{"rendered":"<p>&nbsp;<\/p>\n<p><a href=\"https:\/\/wp.ufpel.edu.br\/dce\/files\/2021\/10\/he-ufpel.jpeg\"><img class=\"aligncenter size-full wp-image-570\" src=\"https:\/\/wp.ufpel.edu.br\/dce\/files\/2021\/10\/he-ufpel.jpeg\" alt=\"\" width=\"984\" height=\"477\" srcset=\"https:\/\/wp.ufpel.edu.br\/dce\/files\/2021\/10\/he-ufpel.jpeg 984w, https:\/\/wp.ufpel.edu.br\/dce\/files\/2021\/10\/he-ufpel-400x194.jpeg 400w, https:\/\/wp.ufpel.edu.br\/dce\/files\/2021\/10\/he-ufpel-768x372.jpeg 768w\" sizes=\"(max-width: 984px) 100vw, 984px\" \/><\/a><\/p>\n<h4>Na \u00faltima quinta-feira, dia 21\/10\/2021, \u00e0s 14hrs, o DCE UFPEL gest\u00e3o DCE \u00e9 Pra Lutar, a voz ativa dos estudantes, esteve presente em reuni\u00e3o do Conselho Consultivo do Hospital Escola UFPEL\/EBSERH. As pautas propostas eram: (1) Institui\u00e7\u00e3o do Conselho Consultivo; (2) Aprovar regimento interno do Banco de Olhos.<\/h4>\n<p>Na reuni\u00e3o, a Superintend\u00eancia do Hospital Escola fez uma apresenta\u00e7\u00e3o de slides explicando o funcionamento administrativo e financeiro do Hospital atualmente, com as seguintes mudan\u00e7as: cria\u00e7\u00e3o de um Colegiado Gestor do Ensino, com participa\u00e7\u00e3o de todos os cursos da \u00e1rea da sa\u00fade (sem representatividade estudantil at\u00e9 o momento) e cria\u00e7\u00e3o da Diretoria de Ensino, Pesquisa e Aten\u00e7\u00e3o \u00e0 Sa\u00fade (DEPAS). Tamb\u00e9m foi mencionado que o pr\u00e9dio atual do HE \u00e9 alugado e possui 175 leitos em 5 mil m\u00b2.<\/p>\n<p>Ap\u00f3s a apresenta\u00e7\u00e3o do atual funcionamento, foi trazido o projeto do novo Hospital Escola na apresenta\u00e7\u00e3o. O novo Hospital Escola vai contar com 30 mil m\u00b2 de \u00e1rea constru\u00edda em terreno da FAMED\/UFPEL, onde atualmente se localiza o pr\u00e9dio do Ambulat\u00f3rio Central, que ser\u00e1 posteriormente demolido para a constru\u00e7\u00e3o do Bloco 2. Ser\u00e3o 250 leitos, com amplia\u00e7\u00e3o do Bloco Cir\u00fargico e das UTIs, al\u00e9m de outras melhorias em inova\u00e7\u00e3o cient\u00edfica mencionadas e 56 consult\u00f3rios ambulatoriais. Para a constru\u00e7\u00e3o do novo Hospital Escola, ser\u00e3o utilizados recursos provenientes da UFPEL, de Emendas Parlamentares e da EBSERH. N\u00e3o h\u00e1 previs\u00e3o para conclus\u00e3o da obra, pois os recursos para isto ainda n\u00e3o est\u00e3o dispon\u00edveis. O in\u00edcio est\u00e1 previsto para 2022.<\/p>\n<p>O DCE trouxe como principal problema a falta de comunica\u00e7\u00e3o no processo de montagem do atual projeto, que n\u00e3o inclui \u00e1reas de est\u00e1gio para todos os cursos da sa\u00fade e que n\u00e3o havia sido apresentado \u00e0 comunidade acad\u00eamica anteriormente. Al\u00e9m disso, outro problema apontado \u00e9 que o projeto n\u00e3o prev\u00ea o tempo que a FAMED ficar\u00e1 sem o pr\u00e9dio do Ambulat\u00f3rio Central, enquanto a obra n\u00e3o for conclu\u00edda.<\/p>\n<p><a href=\"https:\/\/docs.google.com\/document\/d\/18ouO7YlVwbbJ1a4aMm7VFPi9Yba_oHUAxDxuYySFHK8\/edit?usp=sharing\">Confira aqui relatoria completa da reuni\u00e3o<\/a>.<\/p>\n","protected":false},"excerpt":{"rendered":"<p>&nbsp; Na \u00faltima quinta-feira, dia 21\/10\/2021, \u00e0s 14hrs, o DCE UFPEL gest\u00e3o DCE \u00e9 Pra Lutar, a voz ativa dos estudantes, esteve presente em reuni\u00e3o do Conselho Consultivo do Hospital Escola UFPEL\/EBSERH. As pautas propostas eram: (1) Institui\u00e7\u00e3o do Conselho Consultivo; (2) Aprovar regimento interno do Banco de Olhos. Na reuni\u00e3o, a Superintend\u00eancia do Hospital [&hellip;]<\/p>\n","protected":false},"author":580,"featured_media":0,"comment_status":"closed","ping_status":"closed","sticky":false,"template":"","format":"standard","meta":{"_jetpack_memberships_contains_paid_content":false,"footnotes":""},"categories":[1],"tags":[42,39,40,41,19],"class_list":["post-568","post","type-post","status-publish","format-standard","hentry","category-noticias","tag-ebserh","tag-he","tag-hospital-escola","tag-medicina","tag-ufpel"],"jetpack_featured_media_url":"","jetpack_sharing_enabled":true,"_links":{"self":[{"href":"https:\/\/wp.ufpel.edu.br\/dce\/wp-json\/wp\/v2\/posts\/568","targetHints":{"allow":["GET"]}}],"collection":[{"href":"https:\/\/wp.ufpel.edu.br\/dce\/wp-json\/wp\/v2\/posts"}],"about":[{"href":"https:\/\/wp.ufpel.edu.br\/dce\/wp-json\/wp\/v2\/types\/post"}],"author":[{"embeddable":true,"href":"https:\/\/wp.ufpel.edu.br\/dce\/wp-json\/wp\/v2\/users\/580"}],"replies":[{"embeddable":true,"href":"https:\/\/wp.ufpel.edu.br\/dce\/wp-json\/wp\/v2\/comments?post=568"}],"version-history":[{"count":3,"href":"https:\/\/wp.ufpel.edu.br\/dce\/wp-json\/wp\/v2\/posts\/568\/revisions"}],"predecessor-version":[{"id":573,"href":"https:\/\/wp.ufpel.edu.br\/dce\/wp-json\/wp\/v2\/posts\/568\/revisions\/573"}],"wp:attachment":[{"href":"https:\/\/wp.ufpel.edu.br\/dce\/wp-json\/wp\/v2\/media?parent=568"}],"wp:term":[{"taxonomy":"category","embeddable":true,"href":"https:\/\/wp.ufpel.edu.br\/dce\/wp-json\/wp\/v2\/categories?post=568"},{"taxonomy":"post_tag","embeddable":true,"href":"https:\/\/wp.ufpel.edu.br\/dce\/wp-json\/wp\/v2\/tags?post=568"}],"curies":[{"name":"wp","href":"https:\/\/api.w.org\/{rel}","templated":true}]}}