{"id":541,"date":"2021-10-20T16:33:36","date_gmt":"2021-10-20T19:33:36","guid":{"rendered":"https:\/\/wp.ufpel.edu.br\/dce\/?p=541"},"modified":"2021-10-20T16:33:36","modified_gmt":"2021-10-20T19:33:36","slug":"assembleia-nacional-do-pibid-e-residencia-pedagogica-dia-21-10-19h-capespagueasbolsaspibiderp-participe","status":"publish","type":"post","link":"https:\/\/wp.ufpel.edu.br\/dce\/assembleia-nacional-do-pibid-e-residencia-pedagogica-dia-21-10-19h-capespagueasbolsaspibiderp-participe\/","title":{"rendered":"Assembleia Nacional do PIBID e Resid\u00eancia Pedag\u00f3gica dia 21\/10, 19h- #capespagueasbolsaspibiderp &#8211; Participe!"},"content":{"rendered":"<div class=\"kvgmc6g5 cxmmr5t8 oygrvhab hcukyx3x c1et5uql ii04i59q\">\n<div dir=\"auto\"><a href=\"https:\/\/wp.ufpel.edu.br\/dce\/files\/2021\/10\/245981188_1970618373111995_4797965083178947627_n.jpg\"><img class=\"aligncenter size-full wp-image-542\" src=\"https:\/\/wp.ufpel.edu.br\/dce\/files\/2021\/10\/245981188_1970618373111995_4797965083178947627_n.jpg\" alt=\"\" width=\"720\" height=\"713\" srcset=\"https:\/\/wp.ufpel.edu.br\/dce\/files\/2021\/10\/245981188_1970618373111995_4797965083178947627_n.jpg 720w, https:\/\/wp.ufpel.edu.br\/dce\/files\/2021\/10\/245981188_1970618373111995_4797965083178947627_n-400x396.jpg 400w\" sizes=\"(max-width: 720px) 100vw, 720px\" \/><\/a><\/div>\n<div dir=\"auto\"><\/div>\n<div dir=\"auto\">O Movimento PIBID e Resid\u00eancia Pedag\u00f3gica Resiste est\u00e1 organizando uma Assembleia Nacional de estudantes para organizar a luta contra o atraso do pagamento das bolsas. N\u00f3s do DCE UFPEL nos somamos nessa luta e ajudamos a divulgar as a\u00e7\u00f5es organizadas de maneira aut\u00f4noma pelo movimento! Sabemos que Bolsonaro \u00e9 o grande (ir)respons\u00e1vel pelo atraso bem como pelos cortes na ci\u00eancia e na educa\u00e7\u00e3o! \u00c9 hora de lutar! Participe!!!<\/div>\n<\/div>\n<div dir=\"auto\"><\/div>\n<ul>\n<li><strong>Entenda a constru\u00e7\u00e3o<\/strong><\/li>\n<\/ul>\n<div class=\"o9v6fnle cxmmr5t8 oygrvhab hcukyx3x c1et5uql ii04i59q\">\n<div dir=\"auto\">No dia 18\/10\/2021 ocorreu a primeira reuni\u00e3o dos representantes Estudantis Nacionais do PIBID e Resid\u00eancia Pedag\u00f3gica. Foi decidido realizar uma Assembleia Geral nessa quinta-feira, dia 21\/10\/2021, que ser\u00e1 Transmitida no canal do YouTube. Acesse no link a seguir: <a class=\"oajrlxb2 g5ia77u1 qu0x051f esr5mh6w e9989ue4 r7d6kgcz rq0escxv nhd2j8a9 nc684nl6 p7hjln8o kvgmc6g5 cxmmr5t8 oygrvhab hcukyx3x jb3vyjys rz4wbd8a qt6c0cv9 a8nywdso i1ao9s8h esuyzwwr f1sip0of lzcic4wl py34i1dx gpro0wi8\" role=\"link\" href=\"http:\/\/linktr.ee\/pibid.rp.resiste?fbclid=IwAR2BbwkPu6wqG1R6L6XB_JWJFAeBeuXgqS5uZJ12FC8necreA7pncUlpOFE\" target=\"_blank\" rel=\"nofollow noopener\">linktr.ee\/pibid.rp.resiste\u00a0<\/a><\/div>\n<\/div>\n<div class=\"o9v6fnle cxmmr5t8 oygrvhab hcukyx3x c1et5uql ii04i59q\">\n<div dir=\"auto\"><\/div>\n<ul>\n<li><strong>Mobiliza\u00e7\u00f5es de QUINTA-FEIRA 21\/10:<\/strong><\/li>\n<\/ul>\n<div dir=\"auto\">&#8211; Dia de mobiliza\u00e7\u00e3o pelas redes usando a <a class=\"oajrlxb2 g5ia77u1 qu0x051f esr5mh6w e9989ue4 r7d6kgcz rq0escxv nhd2j8a9 nc684nl6 p7hjln8o kvgmc6g5 cxmmr5t8 oygrvhab hcukyx3x jb3vyjys rz4wbd8a qt6c0cv9 a8nywdso i1ao9s8h esuyzwwr f1sip0of lzcic4wl q66pz984 gpro0wi8 b1v8xokw\" role=\"link\" href=\"https:\/\/www.facebook.com\/hashtag\/capespagueasbolsaspibiderp?__eep__=6&amp;__cft__[0]=AZWze0jS0bAaZH2kX5rk78qEtHb8rPMossDNNLY5_upPDAshGEVrkw_BI_jR7MguKkxrI2Ds03jChfFfMpkOXepyLtHaQsh1mbX9Ozoqgl8zhqAQJi4w0uIm6ziXF6eB3puI0WkWeDWDcHzfKtvXgtQAsrdN91S2dfXCH_qD1m9n2u95QrumpIZJ-8CbvXymzy8&amp;__tn__=*NK-R\">#capespagueasbolsaspibiderp<\/a><\/div>\n<div dir=\"auto\">&#8211; Outras a\u00e7\u00f5es locais como aulas p\u00fablicas, atos e outras manifesta\u00e7\u00f5es<\/div>\n<div dir=\"auto\"><\/div>\n<\/div>\n<div class=\"o9v6fnle cxmmr5t8 oygrvhab hcukyx3x c1et5uql ii04i59q\">\n<ul>\n<li><strong>Assembleia:<\/strong><\/li>\n<\/ul>\n<div dir=\"auto\">&#8211; Ser\u00e1 transmitida pelo YouTube<\/div>\n<div dir=\"auto\">&#8211; Na sala do zoom uma pessoa delegada por subprojeto (com direito a voto)<\/div>\n<\/div>\n<div class=\"o9v6fnle cxmmr5t8 oygrvhab hcukyx3x c1et5uql ii04i59q\">\n<div dir=\"auto\">&#8211; Pautas: Abertura (Fala com o resumo da reuni\u00e3o do dia 18\/10) \/ Pr\u00f3ximos Passos (Atos, A\u00e7\u00f5es Conjuntas)<\/div>\n<\/div>\n<div dir=\"auto\"><\/div>\n<ul>\n<li><strong>Quem \u00e9 o Movimento?<\/strong><\/li>\n<\/ul>\n<p>S\u00e3o estudantes de todo o Brasil organizados de forma aut\u00f4noma, bolsistas dos programas da Capes PIBID e Resid\u00eancia Pedag\u00f3gica. Cada subprojeto define uma pessoa delegada para participar de uma articula\u00e7\u00e3o por universidade, cidade estado (de acordo com a realidade de cada local). A partir das discuss\u00f5es locais, tra\u00e7am uma coes\u00e3o nas a\u00e7\u00f5es nacionais.<\/p>\n<ul>\n<li><b>Objetivos do movimento<\/b><\/li>\n<\/ul>\n<p>Ter garantia que receber\u00e3o as bolsas previstas at\u00e9 o fim do edital e nos pr\u00f3ximos; Manuten\u00e7\u00e3o do PIBID e Resid\u00eancia Pedag\u00f3gica na forma\u00e7\u00e3o docente; Corre\u00e7\u00e3o do valor da bolsa de acordo com os \u00edndices monet\u00e1rios atuais.<\/p>\n<p>Acompanhe o Instagram do movimento <a href=\"https:\/\/www.instagram.com\/pibid.rp.resiste\/\">Resiste Pibid e RP (@pibid.rp.resiste) \u2022 Fotos e v\u00eddeos do Instagram<\/a><\/p>\n","protected":false},"excerpt":{"rendered":"<p>O Movimento PIBID e Resid\u00eancia Pedag\u00f3gica Resiste est\u00e1 organizando uma Assembleia Nacional de estudantes para organizar a luta contra o atraso do pagamento das bolsas. N\u00f3s do DCE UFPEL nos somamos nessa luta e ajudamos a divulgar as a\u00e7\u00f5es organizadas de maneira aut\u00f4noma pelo movimento! Sabemos que Bolsonaro \u00e9 o grande (ir)respons\u00e1vel pelo atraso bem [&hellip;]<\/p>\n","protected":false},"author":580,"featured_media":0,"comment_status":"closed","ping_status":"closed","sticky":false,"template":"","format":"standard","meta":{"_jetpack_memberships_contains_paid_content":false,"footnotes":""},"categories":[1],"tags":[33,25,31,32,19],"class_list":["post-541","post","type-post","status-publish","format-standard","hentry","category-noticias","tag-capes","tag-forabolsonaro","tag-pibid","tag-residencia-pedagogica","tag-ufpel"],"jetpack_featured_media_url":"","jetpack_sharing_enabled":true,"_links":{"self":[{"href":"https:\/\/wp.ufpel.edu.br\/dce\/wp-json\/wp\/v2\/posts\/541","targetHints":{"allow":["GET"]}}],"collection":[{"href":"https:\/\/wp.ufpel.edu.br\/dce\/wp-json\/wp\/v2\/posts"}],"about":[{"href":"https:\/\/wp.ufpel.edu.br\/dce\/wp-json\/wp\/v2\/types\/post"}],"author":[{"embeddable":true,"href":"https:\/\/wp.ufpel.edu.br\/dce\/wp-json\/wp\/v2\/users\/580"}],"replies":[{"embeddable":true,"href":"https:\/\/wp.ufpel.edu.br\/dce\/wp-json\/wp\/v2\/comments?post=541"}],"version-history":[{"count":1,"href":"https:\/\/wp.ufpel.edu.br\/dce\/wp-json\/wp\/v2\/posts\/541\/revisions"}],"predecessor-version":[{"id":543,"href":"https:\/\/wp.ufpel.edu.br\/dce\/wp-json\/wp\/v2\/posts\/541\/revisions\/543"}],"wp:attachment":[{"href":"https:\/\/wp.ufpel.edu.br\/dce\/wp-json\/wp\/v2\/media?parent=541"}],"wp:term":[{"taxonomy":"category","embeddable":true,"href":"https:\/\/wp.ufpel.edu.br\/dce\/wp-json\/wp\/v2\/categories?post=541"},{"taxonomy":"post_tag","embeddable":true,"href":"https:\/\/wp.ufpel.edu.br\/dce\/wp-json\/wp\/v2\/tags?post=541"}],"curies":[{"name":"wp","href":"https:\/\/api.w.org\/{rel}","templated":true}]}}