{"id":532,"date":"2021-10-14T16:58:33","date_gmt":"2021-10-14T19:58:33","guid":{"rendered":"https:\/\/wp.ufpel.edu.br\/dce\/?p=532"},"modified":"2021-10-14T16:58:33","modified_gmt":"2021-10-14T19:58:33","slug":"basta-de-cortes-e-atrasos-nas-bolsas-fora-governo-bolsonaro","status":"publish","type":"post","link":"https:\/\/wp.ufpel.edu.br\/dce\/basta-de-cortes-e-atrasos-nas-bolsas-fora-governo-bolsonaro\/","title":{"rendered":"BASTA de cortes e atrasos nas Bolsas! Fora governo Bolsonaro!"},"content":{"rendered":"<p><a href=\"https:\/\/wp.ufpel.edu.br\/dce\/files\/2021\/10\/WhatsApp-Image-2021-10-14-at-12.26.01.jpeg\"><img class=\"aligncenter size-full wp-image-533\" src=\"https:\/\/wp.ufpel.edu.br\/dce\/files\/2021\/10\/WhatsApp-Image-2021-10-14-at-12.26.01.jpeg\" alt=\"\" width=\"1080\" height=\"1080\" srcset=\"https:\/\/wp.ufpel.edu.br\/dce\/files\/2021\/10\/WhatsApp-Image-2021-10-14-at-12.26.01.jpeg 1080w, https:\/\/wp.ufpel.edu.br\/dce\/files\/2021\/10\/WhatsApp-Image-2021-10-14-at-12.26.01-400x400.jpeg 400w, https:\/\/wp.ufpel.edu.br\/dce\/files\/2021\/10\/WhatsApp-Image-2021-10-14-at-12.26.01-1024x1024.jpeg 1024w, https:\/\/wp.ufpel.edu.br\/dce\/files\/2021\/10\/WhatsApp-Image-2021-10-14-at-12.26.01-200x200.jpeg 200w, https:\/\/wp.ufpel.edu.br\/dce\/files\/2021\/10\/WhatsApp-Image-2021-10-14-at-12.26.01-768x768.jpeg 768w\" sizes=\"(max-width: 1080px) 100vw, 1080px\" \/><\/a><\/p>\n<p>O Governo Bolsonaro cortou 92% dos recursos para pesquisas. BASTA!<\/p>\n<p>J\u00e1 est\u00e3o acontecendo cortes na UFPel. Ficamos sabendo de atrasos nas bolsas dos programas de educa\u00e7\u00e3o tutorial (PET), em projetos da pedagogia e letras, bem como na resid\u00eancia pedag\u00f3gica. N\u00e3o podemos aceitar!<\/p>\n<p>N\u00e3o \u00e9 de hoje que a realidade das universidades e institutos de pesquisa s\u00e3o marcados pelos cortes infundados do governo federal!<\/p>\n<p>Nos \u00faltimos dias, a pedido do ministro da economia Paulo Guedes, R$ 690 milh\u00f5es foram cortados do or\u00e7amento em pesquisas, fundamentais para o desenvolvimento cient\u00edfico, esses cortes comprometem a manuten\u00e7\u00e3o de programas como PET, PIBID e projetos de Inicia\u00e7\u00e3o Cient\u00edfica.<\/p>\n<p>Enquanto presenciamos in\u00fameros esc\u00e2ndalos de corrup\u00e7\u00e3o e gastos exorbitantes em leite condensado e cortes de carne superfaturados adquiridos pelo governo, a subsist\u00eancia de diversos estudantes est\u00e1 sendo inviabilizada pelo atraso no pagamento e cortes de bolsas.<\/p>\n<p>No \u00faltimo ano, a sociedade brasileira percebeu que o conhecimento produzido nas universidade \u00e9 crucial no combate ao coronav\u00edrus, os cortes na educa\u00e7\u00e3o e o negacionismo de Bolsonaro desencadeou mais de 600 mil mortes, as quais poderiam ter sido evitadas.<\/p>\n<p>Em 2019, o movimento estudantil deu o recado para barrar o projeto future-se e derrubar o ministro da educa\u00e7\u00e3o, nesse momento, de amea\u00e7a \u00e0 nossa perman\u00eancia na universidade p\u00fablica, \u00e9 preciso mais uma vez OCUPARMOS AS RUAS PARA BARRAR O PROJETO DE SUCATEAMENTO E DESMONTES DA CI\u00caNCIA BRASILEIRA.<\/p>\n<p>Por isso, n\u00f3s do DCE UFPEL CONVOCAMOS CADA ESTUDANTE A SOMAR FOR\u00c7AS NA LUTA PELO IMPEACHMENT DE BOLSONARO, pela urg\u00eancia da nossa perman\u00eancia na universidade e pela manuten\u00e7\u00e3o do desenvolvimento em ensino, pesquisa e extens\u00e3o!<\/p>\n<p>Hoje, \u00e0s 18h haver\u00e1 plen\u00e1ria da Uni\u00e3o Nacional dos Estudantes para deliberar as pr\u00f3ximas manifesta\u00e7\u00f5es, em breve, divulgaremos o calend\u00e1rio de mobiliza\u00e7\u00e3o nacional do movimento estudantil.<\/p>\n<p>#UFPEL<br \/>\n#ForaBolsonaro #elen\u00e3opodecontinuar #acienciaderrubamitos<\/p>\n","protected":false},"excerpt":{"rendered":"<p>O Governo Bolsonaro cortou 92% dos recursos para pesquisas. BASTA! J\u00e1 est\u00e3o acontecendo cortes na UFPel. Ficamos sabendo de atrasos nas bolsas dos programas de educa\u00e7\u00e3o tutorial (PET), em projetos da pedagogia e letras, bem como na resid\u00eancia pedag\u00f3gica. N\u00e3o podemos aceitar! N\u00e3o \u00e9 de hoje que a realidade das universidades e institutos de pesquisa [&hellip;]<\/p>\n","protected":false},"author":580,"featured_media":0,"comment_status":"closed","ping_status":"closed","sticky":false,"template":"","format":"standard","meta":{"_jetpack_memberships_contains_paid_content":false,"footnotes":""},"categories":[1],"tags":[30,25,22,29,19],"class_list":["post-532","post","type-post","status-publish","format-standard","hentry","category-noticias","tag-ciencia","tag-forabolsonaro","tag-luta","tag-movimento-estudantil","tag-ufpel"],"jetpack_featured_media_url":"","jetpack_sharing_enabled":true,"_links":{"self":[{"href":"https:\/\/wp.ufpel.edu.br\/dce\/wp-json\/wp\/v2\/posts\/532","targetHints":{"allow":["GET"]}}],"collection":[{"href":"https:\/\/wp.ufpel.edu.br\/dce\/wp-json\/wp\/v2\/posts"}],"about":[{"href":"https:\/\/wp.ufpel.edu.br\/dce\/wp-json\/wp\/v2\/types\/post"}],"author":[{"embeddable":true,"href":"https:\/\/wp.ufpel.edu.br\/dce\/wp-json\/wp\/v2\/users\/580"}],"replies":[{"embeddable":true,"href":"https:\/\/wp.ufpel.edu.br\/dce\/wp-json\/wp\/v2\/comments?post=532"}],"version-history":[{"count":1,"href":"https:\/\/wp.ufpel.edu.br\/dce\/wp-json\/wp\/v2\/posts\/532\/revisions"}],"predecessor-version":[{"id":534,"href":"https:\/\/wp.ufpel.edu.br\/dce\/wp-json\/wp\/v2\/posts\/532\/revisions\/534"}],"wp:attachment":[{"href":"https:\/\/wp.ufpel.edu.br\/dce\/wp-json\/wp\/v2\/media?parent=532"}],"wp:term":[{"taxonomy":"category","embeddable":true,"href":"https:\/\/wp.ufpel.edu.br\/dce\/wp-json\/wp\/v2\/categories?post=532"},{"taxonomy":"post_tag","embeddable":true,"href":"https:\/\/wp.ufpel.edu.br\/dce\/wp-json\/wp\/v2\/tags?post=532"}],"curies":[{"name":"wp","href":"https:\/\/api.w.org\/{rel}","templated":true}]}}