{"id":483,"date":"2021-09-28T01:55:09","date_gmt":"2021-09-28T04:55:09","guid":{"rendered":"https:\/\/wp.ufpel.edu.br\/dce\/?p=483"},"modified":"2021-09-28T14:46:34","modified_gmt":"2021-09-28T17:46:34","slug":"dce-da-ufpel-posicao-e-acoes-sobre-o-recente-caso-de-apologia-ao-nazismo","status":"publish","type":"post","link":"https:\/\/wp.ufpel.edu.br\/dce\/dce-da-ufpel-posicao-e-acoes-sobre-o-recente-caso-de-apologia-ao-nazismo\/","title":{"rendered":"DCE da UFPel &#8211; posi\u00e7\u00e3o e a\u00e7\u00f5es sobre o recente caso de apologia ao Nazismo"},"content":{"rendered":"<p><a href=\"https:\/\/wp.ufpel.edu.br\/dce\/files\/2021\/09\/nota.jpg\"><img class=\"aligncenter size-full wp-image-485\" src=\"https:\/\/wp.ufpel.edu.br\/dce\/files\/2021\/09\/nota.jpg\" alt=\"\" width=\"1364\" height=\"850\" srcset=\"https:\/\/wp.ufpel.edu.br\/dce\/files\/2021\/09\/nota.jpg 1364w, https:\/\/wp.ufpel.edu.br\/dce\/files\/2021\/09\/nota-400x249.jpg 400w, https:\/\/wp.ufpel.edu.br\/dce\/files\/2021\/09\/nota-1024x638.jpg 1024w, https:\/\/wp.ufpel.edu.br\/dce\/files\/2021\/09\/nota-768x479.jpg 768w\" sizes=\"(max-width: 1364px) 100vw, 1364px\" \/><\/a><\/p>\n<p style=\"text-align: justify\"><b>O DCE da UFPel vem a p\u00fablico divulgar a posi\u00e7\u00e3o e a\u00e7\u00f5es sobre o recente caso de apologia ao Nazismo<\/b><span style=\"font-weight: 400\">. O que se pode afirmar objetivamente \u00e9 que uma estudante da UFPel postou uma foto em suas redes sociais comemorando seu anivers\u00e1rio com um bolo estampado com a figura de Hitler.<\/span><\/p>\n<p style=\"text-align: justify\"><span style=\"font-weight: 400\">Sem pretens\u00f5es de adentrar em subjetivismos ou boatos a respeito do caso, o DCE far\u00e1 seu papel de car\u00e1ter pol\u00edtico, em defesa dos estudantes, do progressismo inegoci\u00e1vel, da justa averigua\u00e7\u00e3o do caso, cobrando da UFPel a responsabilidade de mediar o caso, assim como de nos retornar publicamente todas as respostas da investiga\u00e7\u00e3o, feita por profissionais qualificados nas respectivas \u00e1reas que sejam necess\u00e1rias acionar.<\/span><\/p>\n<p style=\"text-align: justify\"><b>Por isso, como Diret\u00f3rio Central dos Estudantes, manifestamos que estamos vigilantes e j\u00e1 em contato com o colegiado do curso, bem como a Pr\u00f3 Reitoria de Assuntos Estudantis e o setor jur\u00eddico da universidade para dialogar.<\/b><\/p>\n<p style=\"text-align: justify\"><span style=\"font-weight: 400\">Alus\u00e3o ao Nazismo \u00e9 crime previsto no artigo 20 da lei 7.716\/89. Contudo, manifestamos a nossa preocupa\u00e7\u00e3o com a forma como est\u00e1 sendo realizada esta den\u00fancia. N\u00e3o acreditamos no linchamento virtual, o que tamb\u00e9m configura crime (art. 5\u00ba, V e X, da CF\/88 e art. 21 e seguintes do CC\/02), mas sim que deve ser realizada averigua\u00e7\u00e3o atenta dos fatos e busca por autoridades competentes.<\/span><\/p>\n<p style=\"text-align: justify\"><span style=\"font-weight: 400\">Apesar deste caso n\u00e3o ter rela\u00e7\u00e3o direta com outros anteriores, aproveitamos para destacar que a gest\u00e3o DCE \u00e9 Pra Lutar estar\u00e1 sempre vigilante quanto \u00e0 apologia ao nazismo, racismo, LGBTfobia, machismo, e qualquer outro tipo de opress\u00e3o praticado no ambiente universit\u00e1rio. Vale lembrar que h\u00e1 alguns anos houveram den\u00fancias de &#8220;revisionismo hist\u00f3rico&#8221; por parte de professores, bem como picha\u00e7\u00f5es de apologia ao nazismo em banheiros no Campus Anglo. Este tipo de manifesta\u00e7\u00e3o jamais ser\u00e1 tolerada; ser\u00e1 combatida.<\/span><\/p>\n<p style=\"text-align: justify\"><span style=\"font-weight: 400\">Por fim, salientamos que estamos vivendo um per\u00edodo, com o governo genocida de Bolsonaro, de crescimento de ideias fascistas no Brasil, inclusive em institui\u00e7\u00f5es oficiais da rep\u00fablica, a exemplo do ex-secret\u00e1rio de comunica\u00e7\u00e3o do governo que fez apologia aberta ao nazismo em um comunicado. Sabemos tamb\u00e9m que essas ideias est\u00e3o presentes nas universidades, silenciosas ou n\u00e3o, e que devem ser motivo de aten\u00e7\u00e3o do movimento estudantil. Por isso entendemos que toda a vigil\u00e2ncia com a exposi\u00e7\u00e3o de figuras hist\u00f3ricas deve ser adotado para se repudiar e tomar medidas cab\u00edveis.<\/span><\/p>\n","protected":false},"excerpt":{"rendered":"<p>O DCE da UFPel vem a p\u00fablico divulgar a posi\u00e7\u00e3o e a\u00e7\u00f5es sobre o recente caso de apologia ao Nazismo. O que se pode afirmar objetivamente \u00e9 que uma estudante da UFPel postou uma foto em suas redes sociais comemorando seu anivers\u00e1rio com um bolo estampado com a figura de Hitler. Sem pretens\u00f5es de adentrar [&hellip;]<\/p>\n","protected":false},"author":580,"featured_media":0,"comment_status":"closed","ping_status":"closed","sticky":false,"template":"","format":"standard","meta":{"_jetpack_memberships_contains_paid_content":false,"footnotes":""},"categories":[1],"tags":[],"class_list":["post-483","post","type-post","status-publish","format-standard","hentry","category-noticias"],"jetpack_featured_media_url":"","jetpack_sharing_enabled":true,"_links":{"self":[{"href":"https:\/\/wp.ufpel.edu.br\/dce\/wp-json\/wp\/v2\/posts\/483","targetHints":{"allow":["GET"]}}],"collection":[{"href":"https:\/\/wp.ufpel.edu.br\/dce\/wp-json\/wp\/v2\/posts"}],"about":[{"href":"https:\/\/wp.ufpel.edu.br\/dce\/wp-json\/wp\/v2\/types\/post"}],"author":[{"embeddable":true,"href":"https:\/\/wp.ufpel.edu.br\/dce\/wp-json\/wp\/v2\/users\/580"}],"replies":[{"embeddable":true,"href":"https:\/\/wp.ufpel.edu.br\/dce\/wp-json\/wp\/v2\/comments?post=483"}],"version-history":[{"count":2,"href":"https:\/\/wp.ufpel.edu.br\/dce\/wp-json\/wp\/v2\/posts\/483\/revisions"}],"predecessor-version":[{"id":487,"href":"https:\/\/wp.ufpel.edu.br\/dce\/wp-json\/wp\/v2\/posts\/483\/revisions\/487"}],"wp:attachment":[{"href":"https:\/\/wp.ufpel.edu.br\/dce\/wp-json\/wp\/v2\/media?parent=483"}],"wp:term":[{"taxonomy":"category","embeddable":true,"href":"https:\/\/wp.ufpel.edu.br\/dce\/wp-json\/wp\/v2\/categories?post=483"},{"taxonomy":"post_tag","embeddable":true,"href":"https:\/\/wp.ufpel.edu.br\/dce\/wp-json\/wp\/v2\/tags?post=483"}],"curies":[{"name":"wp","href":"https:\/\/api.w.org\/{rel}","templated":true}]}}