{"id":477,"date":"2021-09-26T20:03:25","date_gmt":"2021-09-26T23:03:25","guid":{"rendered":"https:\/\/wp.ufpel.edu.br\/dce\/?p=477"},"modified":"2021-09-28T01:37:04","modified_gmt":"2021-09-28T04:37:04","slug":"dce-ufpel-cria-ouvidoria-estudantil-sobre-o-ensino-remoto","status":"publish","type":"post","link":"https:\/\/wp.ufpel.edu.br\/dce\/dce-ufpel-cria-ouvidoria-estudantil-sobre-o-ensino-remoto\/","title":{"rendered":"DCE UFPEL cria Ouvidoria Estudantil sobre o Ensino Remoto"},"content":{"rendered":"<div class=\"kvgmc6g5 cxmmr5t8 oygrvhab hcukyx3x c1et5uql ii04i59q\">\n<div dir=\"auto\"><a href=\"https:\/\/wp.ufpel.edu.br\/dce\/files\/2021\/09\/Ouvidoria.png\"><img class=\"aligncenter  wp-image-478\" src=\"https:\/\/wp.ufpel.edu.br\/dce\/files\/2021\/09\/Ouvidoria.png\" alt=\"\" width=\"689\" height=\"689\" srcset=\"https:\/\/wp.ufpel.edu.br\/dce\/files\/2021\/09\/Ouvidoria.png 2779w, https:\/\/wp.ufpel.edu.br\/dce\/files\/2021\/09\/Ouvidoria-400x400.png 400w, https:\/\/wp.ufpel.edu.br\/dce\/files\/2021\/09\/Ouvidoria-1024x1024.png 1024w, https:\/\/wp.ufpel.edu.br\/dce\/files\/2021\/09\/Ouvidoria-200x200.png 200w, https:\/\/wp.ufpel.edu.br\/dce\/files\/2021\/09\/Ouvidoria-768x768.png 768w, https:\/\/wp.ufpel.edu.br\/dce\/files\/2021\/09\/Ouvidoria-1536x1536.png 1536w, https:\/\/wp.ufpel.edu.br\/dce\/files\/2021\/09\/Ouvidoria-2048x2048.png 2048w\" sizes=\"(max-width: 689px) 100vw, 689px\" \/><\/a><\/div>\n<div dir=\"auto\"><\/div>\n<\/div>\n<div class=\"o9v6fnle cxmmr5t8 oygrvhab hcukyx3x c1et5uql ii04i59q\">\n<p dir=\"auto\" style=\"text-align: justify\">O DCE est\u00e1 ativo novamente e queremos ajudar a enfrentar os problemas do dia a dia na universidade. Este \u00e9 o novo canal de comunica\u00e7\u00e3o do Diret\u00f3rio Central dos Estudantes da UFPel relacionado a den\u00fancias, d\u00favidas, relatos e problemas do Ensino Remoto.<\/p>\n<\/div>\n<p dir=\"auto\" style=\"text-align: justify\">\n<div dir=\"auto\" style=\"text-align: justify\">Os dados ser\u00e3o mantidos em sigilo e ser\u00e3o usados exclusivamente para dar encaminhamento \u00e0s situa\u00e7\u00f5es descritas. Sabemos que estamos passando por diversos problemas nesse per\u00edodo e por isso precisamos ter nossa voz ativa, queremos ajudar! Entre em contato e divulgue entre colegas.<\/div>\n<div dir=\"auto\">\n<div dir=\"auto\"><\/div>\n<div dir=\"auto\">Acesse o formul\u00e1rio: <a class=\"oajrlxb2 g5ia77u1 qu0x051f esr5mh6w e9989ue4 r7d6kgcz rq0escxv nhd2j8a9 nc684nl6 p7hjln8o kvgmc6g5 cxmmr5t8 oygrvhab hcukyx3x jb3vyjys rz4wbd8a qt6c0cv9 a8nywdso i1ao9s8h esuyzwwr f1sip0of lzcic4wl py34i1dx gpro0wi8\" role=\"link\" href=\"https:\/\/bit.ly\/DCEUFPEL-ouvidoria-ensinoremoto?fbclid=IwAR22W3qX8DVE3vcSQPehFxqnSAiFh6_UPn6uUAvrzaZQZKXDqIWh1gwI0sg\" target=\"_blank\" rel=\"nofollow noopener\">https:\/\/bit.ly\/DCEUFPEL-ouvidoria-ensinoremoto<\/a><\/div>\n<div class=\"o9v6fnle cxmmr5t8 oygrvhab hcukyx3x c1et5uql ii04i59q\"><\/div>\n<\/div>\n","protected":false},"excerpt":{"rendered":"<p>O DCE est\u00e1 ativo novamente e queremos ajudar a enfrentar os problemas do dia a dia na universidade. Este \u00e9 o novo canal de comunica\u00e7\u00e3o do Diret\u00f3rio Central dos Estudantes da UFPel relacionado a den\u00fancias, d\u00favidas, relatos e problemas do Ensino Remoto. Os dados ser\u00e3o mantidos em sigilo e ser\u00e3o usados exclusivamente para dar encaminhamento [&hellip;]<\/p>\n","protected":false},"author":580,"featured_media":0,"comment_status":"closed","ping_status":"closed","sticky":false,"template":"","format":"standard","meta":{"_jetpack_memberships_contains_paid_content":false,"footnotes":""},"categories":[1],"tags":[28,27,24,19],"class_list":["post-477","post","type-post","status-publish","format-standard","hentry","category-noticias","tag-comunicacao","tag-ensinoremoto","tag-pelotas","tag-ufpel"],"jetpack_featured_media_url":"","jetpack_sharing_enabled":true,"_links":{"self":[{"href":"https:\/\/wp.ufpel.edu.br\/dce\/wp-json\/wp\/v2\/posts\/477","targetHints":{"allow":["GET"]}}],"collection":[{"href":"https:\/\/wp.ufpel.edu.br\/dce\/wp-json\/wp\/v2\/posts"}],"about":[{"href":"https:\/\/wp.ufpel.edu.br\/dce\/wp-json\/wp\/v2\/types\/post"}],"author":[{"embeddable":true,"href":"https:\/\/wp.ufpel.edu.br\/dce\/wp-json\/wp\/v2\/users\/580"}],"replies":[{"embeddable":true,"href":"https:\/\/wp.ufpel.edu.br\/dce\/wp-json\/wp\/v2\/comments?post=477"}],"version-history":[{"count":4,"href":"https:\/\/wp.ufpel.edu.br\/dce\/wp-json\/wp\/v2\/posts\/477\/revisions"}],"predecessor-version":[{"id":482,"href":"https:\/\/wp.ufpel.edu.br\/dce\/wp-json\/wp\/v2\/posts\/477\/revisions\/482"}],"wp:attachment":[{"href":"https:\/\/wp.ufpel.edu.br\/dce\/wp-json\/wp\/v2\/media?parent=477"}],"wp:term":[{"taxonomy":"category","embeddable":true,"href":"https:\/\/wp.ufpel.edu.br\/dce\/wp-json\/wp\/v2\/categories?post=477"},{"taxonomy":"post_tag","embeddable":true,"href":"https:\/\/wp.ufpel.edu.br\/dce\/wp-json\/wp\/v2\/tags?post=477"}],"curies":[{"name":"wp","href":"https:\/\/api.w.org\/{rel}","templated":true}]}}