{"id":420,"date":"2021-09-21T20:52:24","date_gmt":"2021-09-21T23:52:24","guid":{"rendered":"https:\/\/wp.ufpel.edu.br\/dce\/?p=420"},"modified":"2021-09-21T20:52:24","modified_gmt":"2021-09-21T23:52:24","slug":"dce-ufpel-tem-nova-gestao-dce-e-pra-lutar-a-voz-ativa-dos-estudantes","status":"publish","type":"post","link":"https:\/\/wp.ufpel.edu.br\/dce\/dce-ufpel-tem-nova-gestao-dce-e-pra-lutar-a-voz-ativa-dos-estudantes\/","title":{"rendered":"DCE UFPel tem nova Gest\u00e3o: DCE \u00e9 Pra Lutar, a voz ativa dos estudantes!"},"content":{"rendered":"<p><a href=\"https:\/\/wp.ufpel.edu.br\/dce\/files\/2021\/09\/print-reuniao.jpg\"><img class=\"aligncenter  wp-image-421\" src=\"https:\/\/wp.ufpel.edu.br\/dce\/files\/2021\/09\/print-reuniao.jpg\" alt=\"\" width=\"801\" height=\"409\" srcset=\"https:\/\/wp.ufpel.edu.br\/dce\/files\/2021\/09\/print-reuniao.jpg 1277w, https:\/\/wp.ufpel.edu.br\/dce\/files\/2021\/09\/print-reuniao-400x204.jpg 400w, https:\/\/wp.ufpel.edu.br\/dce\/files\/2021\/09\/print-reuniao-1024x523.jpg 1024w, https:\/\/wp.ufpel.edu.br\/dce\/files\/2021\/09\/print-reuniao-768x392.jpg 768w\" sizes=\"(max-width: 801px) 100vw, 801px\" \/><\/a><\/p>\n<p>No \u00faltimo s\u00e1bado, dia 18 de setembro, o Conselho de Centros e Diret\u00f3rios Acad\u00eamicos da UFPel, inst\u00e2ncia de reuni\u00e3o, mobiliza\u00e7\u00e3o e delibera\u00e7\u00e3o das entidades de cursos, se reuniu para dar posse \u00e0 chapa eleita na elei\u00e7\u00e3o para a gest\u00e3o 2021-2022 do Diret\u00f3rio Central dos Estudantes, cuja vota\u00e7\u00e3o ocorreu nos dias 14, 15 e 16 de setembro.<\/p>\n<p>Ap\u00f3s um ano de gest\u00e3o, mais um ano de prorroga\u00e7\u00e3o devido \u00e0 pandemia, a maioria dos estudantes que participaram da vota\u00e7\u00e3o optaram pela mudan\u00e7a escolhendo para o per\u00edodo 2021-2022, a chapa que trouxe a luta no nome: DCE \u00e9 Pra Lutar, a voz ativa dos estudantes. A nova gest\u00e3o defende a necessidade dos estudantes da UFPel atuarem com muita disposi\u00e7\u00e3o para defender a universidade e a educa\u00e7\u00e3o contra o projeto obscurantista e destrutivo do governo genocida de Bolsonaro, que visa a elitiza\u00e7\u00e3o das universidades Federais, seu sucateamento, cortes e amea\u00e7as de privatiza\u00e7\u00e3o. Essa defesa est\u00e1 aliada \u00e0 necessidade de um DCE aberto e ativo para ajudar os mais de 20 mil estudantes a enfrentarem as dificuldades e d\u00favidas cotidianas da universidade, ter canais sempre abertos de di\u00e1logo e atuar com transpar\u00eancia nos conselhos de representa\u00e7\u00e3o.<\/p>\n<p>Em uma transi\u00e7\u00e3o muito r\u00e1pida, na segunda-feira, feriado de 20 de setembro, a gest\u00e3o empossada j\u00e1 realizou a primeira reuni\u00e3o online, reuniu mais de 25 membros para avaliar a elei\u00e7\u00e3o e discutir sobre os primeiros passos do DCE \u00e9 Pra Lutar, bem como a forma de organiza\u00e7\u00e3o.<\/p>\n<p>\u00c9 un\u00e2nime que a prioridade do DCE \u00e9 ajudar a construir as lutas contra o governo Bolsonaro, pois este \u00e9 o principal mal que aflige a sociedade brasileira e que coloca em risco iminente de fechamento as universidade federais. Para isso, desde j\u00e1 a nova gest\u00e3o do DCE UFPel convoca a todas e todos para a mobiliza\u00e7\u00e3o #FORABOLSONARO, que est\u00e1 sendo chamada em todo o pa\u00eds para o pr\u00f3ximo dia 2 de outubro. Em Pelotas, o ato ter\u00e1 concentra\u00e7\u00e3o a partir das 10h30 no Mercado P\u00fablico. Sobre este ato, o DCE est\u00e1 ainda organizando uma plen\u00e1ria aberta de mobiliza\u00e7\u00e3o na segunda-feira, dia 27 de setembro, das 18h \u00e0s 19h.<\/p>\n<p>Entre as medidas que devem ser priorizadas pela nova gest\u00e3o, est\u00e3o reabrir e organizar a sede do DCE no Campus 2, criar um canal de ouvidoria, fiscalizar a volta as aulas pr\u00e1ticas e o ensino remoto, organizar a luta pela perman\u00eancia estudantil, auxiliando os estudantes que est\u00e3o na imin\u00eancia de perderem a renova\u00e7\u00e3o dos aux\u00edlios, lutar contra a precariza\u00e7\u00e3o dos trabalhadores terceirizados, dialogar com o movimento estudantil da UCPel e IFsul e buscar autonomia financeira do DCE para a melhoria do atendimento e mobiliza\u00e7\u00e3o dos estudantes. A m\u00e9dio prazo vamos organizar atividades formativas a fim de abordar sobre o funcionamento de Diret\u00f3rios e Centros Acad\u00eamicos, Conselhos Superiores, hist\u00f3rico do Movimento Estudantil, entre outras iniciativas.<\/p>\n<p><strong>Organiza\u00e7\u00e3o<\/strong><br \/>\nEm um primeiro momento a gest\u00e3o DCE UFPel \u00e9 Pra Lutar est\u00e1 se organizando em Grupos de Trabalho, divididos em comunica\u00e7\u00e3o, finan\u00e7as, infraestrutura, apoio aos conselhos e demandas estudantis. Os GT&#8217;s n\u00e3o s\u00e3o fixos e ser\u00e3o expandidos conforme as demandas e iniciativas. As reuni\u00f5es gerais ocorrer\u00e3o uma vez por semana. Dessa forma, busca-se realizar uma gest\u00e3o ativa, que lute contra o governo Bolsonaro, em defesa da Universidade, e das e dos estudantes!<\/p>\n<p>Tem alguma d\u00favida, ideia ou iniciativa para nos contar? Entre em contato!<\/p>\n<p>Whatsapp: 53991766658<\/p>\n<p><strong>Redes sociais:<\/strong><\/p>\n<p><a href=\"https:\/\/www.instagram.com\/dceufpeloficial\">Instagram<\/a><br \/>\n<a href=\"https:\/\/www.facebook.com\/DCEUFPel\">Facebook<\/a><br \/>\n<a href=\"https:\/\/twitter.com\/dceepralutar\">Twitter<\/a><\/p>\n","protected":false},"excerpt":{"rendered":"<p>No \u00faltimo s\u00e1bado, dia 18 de setembro, o Conselho de Centros e Diret\u00f3rios Acad\u00eamicos da UFPel, inst\u00e2ncia de reuni\u00e3o, mobiliza\u00e7\u00e3o e delibera\u00e7\u00e3o das entidades de cursos, se reuniu para dar posse \u00e0 chapa eleita na elei\u00e7\u00e3o para a gest\u00e3o 2021-2022 do Diret\u00f3rio Central dos Estudantes, cuja vota\u00e7\u00e3o ocorreu nos dias 14, 15 e 16 de [&hellip;]<\/p>\n","protected":false},"author":580,"featured_media":0,"comment_status":"closed","ping_status":"closed","sticky":false,"template":"","format":"standard","meta":{"_jetpack_memberships_contains_paid_content":false,"footnotes":""},"categories":[1],"tags":[],"class_list":["post-420","post","type-post","status-publish","format-standard","hentry","category-noticias"],"jetpack_featured_media_url":"","jetpack_sharing_enabled":true,"_links":{"self":[{"href":"https:\/\/wp.ufpel.edu.br\/dce\/wp-json\/wp\/v2\/posts\/420","targetHints":{"allow":["GET"]}}],"collection":[{"href":"https:\/\/wp.ufpel.edu.br\/dce\/wp-json\/wp\/v2\/posts"}],"about":[{"href":"https:\/\/wp.ufpel.edu.br\/dce\/wp-json\/wp\/v2\/types\/post"}],"author":[{"embeddable":true,"href":"https:\/\/wp.ufpel.edu.br\/dce\/wp-json\/wp\/v2\/users\/580"}],"replies":[{"embeddable":true,"href":"https:\/\/wp.ufpel.edu.br\/dce\/wp-json\/wp\/v2\/comments?post=420"}],"version-history":[{"count":2,"href":"https:\/\/wp.ufpel.edu.br\/dce\/wp-json\/wp\/v2\/posts\/420\/revisions"}],"predecessor-version":[{"id":423,"href":"https:\/\/wp.ufpel.edu.br\/dce\/wp-json\/wp\/v2\/posts\/420\/revisions\/423"}],"wp:attachment":[{"href":"https:\/\/wp.ufpel.edu.br\/dce\/wp-json\/wp\/v2\/media?parent=420"}],"wp:term":[{"taxonomy":"category","embeddable":true,"href":"https:\/\/wp.ufpel.edu.br\/dce\/wp-json\/wp\/v2\/categories?post=420"},{"taxonomy":"post_tag","embeddable":true,"href":"https:\/\/wp.ufpel.edu.br\/dce\/wp-json\/wp\/v2\/tags?post=420"}],"curies":[{"name":"wp","href":"https:\/\/api.w.org\/{rel}","templated":true}]}}