{"id":369,"date":"2021-08-19T11:02:19","date_gmt":"2021-08-19T14:02:19","guid":{"rendered":"https:\/\/wp.ufpel.edu.br\/dce\/?p=369"},"modified":"2021-08-19T15:11:03","modified_gmt":"2021-08-19T18:11:03","slug":"homologacao-preliminar","status":"publish","type":"post","link":"https:\/\/wp.ufpel.edu.br\/dce\/homologacao-preliminar\/","title":{"rendered":"Homologa\u00e7\u00e3o Preliminar"},"content":{"rendered":"<p>O COE &#8211; DCE torna p\u00fablico a homologa\u00e7\u00e3o preliminar das chapas inscritas para a nova diretoria executiva do Diret\u00f3rio Central dos Estudantes da Universidade Federal de Pelotas.<\/p>\n<p>Confira o documento aqui: <a href=\"https:\/\/wp.ufpel.edu.br\/dce\/files\/2021\/08\/HOMOLOGACAO-PRELIMINAR-1.pdf\">HOMOLOGA\u00c7\u00c3O PRELIMINAR<\/a><\/p>\n<p>&nbsp;<\/p>\n<p>RETIFICA\u00c7\u00c3O \u00c0S 15:10 DO DIA 19\/08\/2021: <a href=\"https:\/\/wp.ufpel.edu.br\/dce\/files\/2021\/08\/RETIFICADO-HOMOLOGACAO-PRELIMINAR-3.pdf\">RETIFICADO &#8211; HOMOLOGA\u00c7\u00c3O PRELIMINAR<\/a><\/p>\n","protected":false},"excerpt":{"rendered":"<p>O COE &#8211; DCE torna p\u00fablico a homologa\u00e7\u00e3o preliminar das chapas inscritas para a nova diretoria executiva do Diret\u00f3rio Central dos Estudantes da Universidade Federal de Pelotas. Confira o documento aqui: HOMOLOGA\u00c7\u00c3O PRELIMINAR &nbsp; RETIFICA\u00c7\u00c3O \u00c0S 15:10 DO DIA 19\/08\/2021: RETIFICADO &#8211; HOMOLOGA\u00c7\u00c3O PRELIMINAR<\/p>\n","protected":false},"author":580,"featured_media":0,"comment_status":"closed","ping_status":"closed","sticky":false,"template":"","format":"standard","meta":{"_jetpack_memberships_contains_paid_content":false,"footnotes":""},"categories":[1],"tags":[],"class_list":["post-369","post","type-post","status-publish","format-standard","hentry","category-noticias"],"jetpack_featured_media_url":"","jetpack_sharing_enabled":true,"_links":{"self":[{"href":"https:\/\/wp.ufpel.edu.br\/dce\/wp-json\/wp\/v2\/posts\/369","targetHints":{"allow":["GET"]}}],"collection":[{"href":"https:\/\/wp.ufpel.edu.br\/dce\/wp-json\/wp\/v2\/posts"}],"about":[{"href":"https:\/\/wp.ufpel.edu.br\/dce\/wp-json\/wp\/v2\/types\/post"}],"author":[{"embeddable":true,"href":"https:\/\/wp.ufpel.edu.br\/dce\/wp-json\/wp\/v2\/users\/580"}],"replies":[{"embeddable":true,"href":"https:\/\/wp.ufpel.edu.br\/dce\/wp-json\/wp\/v2\/comments?post=369"}],"version-history":[{"count":8,"href":"https:\/\/wp.ufpel.edu.br\/dce\/wp-json\/wp\/v2\/posts\/369\/revisions"}],"predecessor-version":[{"id":383,"href":"https:\/\/wp.ufpel.edu.br\/dce\/wp-json\/wp\/v2\/posts\/369\/revisions\/383"}],"wp:attachment":[{"href":"https:\/\/wp.ufpel.edu.br\/dce\/wp-json\/wp\/v2\/media?parent=369"}],"wp:term":[{"taxonomy":"category","embeddable":true,"href":"https:\/\/wp.ufpel.edu.br\/dce\/wp-json\/wp\/v2\/categories?post=369"},{"taxonomy":"post_tag","embeddable":true,"href":"https:\/\/wp.ufpel.edu.br\/dce\/wp-json\/wp\/v2\/tags?post=369"}],"curies":[{"name":"wp","href":"https:\/\/api.w.org\/{rel}","templated":true}]}}