{"id":366,"date":"2021-08-09T12:32:41","date_gmt":"2021-08-09T15:32:41","guid":{"rendered":"https:\/\/wp.ufpel.edu.br\/dce\/?p=366"},"modified":"2021-08-09T12:32:41","modified_gmt":"2021-08-09T15:32:41","slug":"coe-dce-publica-edital-de-eleicoes","status":"publish","type":"post","link":"https:\/\/wp.ufpel.edu.br\/dce\/coe-dce-publica-edital-de-eleicoes\/","title":{"rendered":"COE-DCE publica edital de elei\u00e7\u00f5es"},"content":{"rendered":"<p>A Comiss\u00e3o de Organiza\u00e7\u00e3o Eleitoral do Diret\u00f3rio Central de Estudantes torna p\u00fablico o edital de elei\u00e7\u00f5es para a nova dire\u00e7\u00e3o executiva do DCE.<\/p>\n<p>O documento pode ser acessado no linktree: linktr.ee\/coe_ufpel<\/p>\n<p>D\u00favidas podem ser encaminhadas para o e-mail coe2021ufpel@gmail.com<\/p>\n","protected":false},"excerpt":{"rendered":"<p>A Comiss\u00e3o de Organiza\u00e7\u00e3o Eleitoral do Diret\u00f3rio Central de Estudantes torna p\u00fablico o edital de elei\u00e7\u00f5es para a nova dire\u00e7\u00e3o executiva do DCE. O documento pode ser acessado no linktree: linktr.ee\/coe_ufpel D\u00favidas podem ser encaminhadas para o e-mail coe2021ufpel@gmail.com<\/p>\n","protected":false},"author":580,"featured_media":0,"comment_status":"closed","ping_status":"closed","sticky":false,"template":"","format":"standard","meta":{"_jetpack_memberships_contains_paid_content":false,"footnotes":""},"categories":[1],"tags":[],"class_list":["post-366","post","type-post","status-publish","format-standard","hentry","category-noticias"],"jetpack_featured_media_url":"","jetpack_sharing_enabled":true,"_links":{"self":[{"href":"https:\/\/wp.ufpel.edu.br\/dce\/wp-json\/wp\/v2\/posts\/366","targetHints":{"allow":["GET"]}}],"collection":[{"href":"https:\/\/wp.ufpel.edu.br\/dce\/wp-json\/wp\/v2\/posts"}],"about":[{"href":"https:\/\/wp.ufpel.edu.br\/dce\/wp-json\/wp\/v2\/types\/post"}],"author":[{"embeddable":true,"href":"https:\/\/wp.ufpel.edu.br\/dce\/wp-json\/wp\/v2\/users\/580"}],"replies":[{"embeddable":true,"href":"https:\/\/wp.ufpel.edu.br\/dce\/wp-json\/wp\/v2\/comments?post=366"}],"version-history":[{"count":1,"href":"https:\/\/wp.ufpel.edu.br\/dce\/wp-json\/wp\/v2\/posts\/366\/revisions"}],"predecessor-version":[{"id":367,"href":"https:\/\/wp.ufpel.edu.br\/dce\/wp-json\/wp\/v2\/posts\/366\/revisions\/367"}],"wp:attachment":[{"href":"https:\/\/wp.ufpel.edu.br\/dce\/wp-json\/wp\/v2\/media?parent=366"}],"wp:term":[{"taxonomy":"category","embeddable":true,"href":"https:\/\/wp.ufpel.edu.br\/dce\/wp-json\/wp\/v2\/categories?post=366"},{"taxonomy":"post_tag","embeddable":true,"href":"https:\/\/wp.ufpel.edu.br\/dce\/wp-json\/wp\/v2\/tags?post=366"}],"curies":[{"name":"wp","href":"https:\/\/api.w.org\/{rel}","templated":true}]}}