{"id":1093,"date":"2022-12-06T22:06:11","date_gmt":"2022-12-07T01:06:11","guid":{"rendered":"https:\/\/wp.ufpel.edu.br\/dce\/?p=1093"},"modified":"2022-12-08T05:06:48","modified_gmt":"2022-12-08T08:06:48","slug":"assembleia-de-mobilizacao-contra-os-cortes-nesta-quarta-no-campus-ii","status":"publish","type":"post","link":"https:\/\/wp.ufpel.edu.br\/dce\/assembleia-de-mobilizacao-contra-os-cortes-nesta-quarta-no-campus-ii\/","title":{"rendered":"Assembleia de mobiliza\u00e7\u00e3o contra os cortes nesta quarta no Campus II"},"content":{"rendered":"<p><a href=\"https:\/\/wp.ufpel.edu.br\/dce\/files\/2022\/12\/WhatsApp-Image-2022-12-06-at-11.55.40-PM.jpeg\"><img class=\"wp-image-1094 size-medium alignleft\" src=\"https:\/\/wp.ufpel.edu.br\/dce\/files\/2022\/12\/WhatsApp-Image-2022-12-06-at-11.55.40-PM-400x400.jpeg\" alt=\"\" width=\"400\" height=\"400\" srcset=\"https:\/\/wp.ufpel.edu.br\/dce\/files\/2022\/12\/WhatsApp-Image-2022-12-06-at-11.55.40-PM-400x400.jpeg 400w, https:\/\/wp.ufpel.edu.br\/dce\/files\/2022\/12\/WhatsApp-Image-2022-12-06-at-11.55.40-PM-1024x1024.jpeg 1024w, https:\/\/wp.ufpel.edu.br\/dce\/files\/2022\/12\/WhatsApp-Image-2022-12-06-at-11.55.40-PM-200x200.jpeg 200w, https:\/\/wp.ufpel.edu.br\/dce\/files\/2022\/12\/WhatsApp-Image-2022-12-06-at-11.55.40-PM-768x768.jpeg 768w, https:\/\/wp.ufpel.edu.br\/dce\/files\/2022\/12\/WhatsApp-Image-2022-12-06-at-11.55.40-PM.jpeg 1080w\" sizes=\"(max-width: 400px) 100vw, 400px\" \/><\/a><\/p>\n<p style=\"text-align: justify;\">O DCE UFPel &#8211; Gest\u00e3o DCE \u00e9 pra Lutar, convoca a todos os estudantes da Universidade para comparecerem \u00e0 ASSEMBLEIA GERAL que ser\u00e1 realizada \u00e0s 17h do dia 07\/12\/22 (quarta-feira) no Campus II da Universidade.<\/p>\n<p style=\"text-align: justify;\">A Assembleia tem como objetivo reunir estudantes, conselheiros de CA\u2019s e DA\u2019s, servidores e representantes da gest\u00e3o da UFPel para debater pauta \u00fanica: CALEND\u00c1RIO DE MOBILIZA\u00c7\u00c3O CONTRA OS CORTES DAS BOLSAS DA UFPel.<\/p>\n<p style=\"text-align: justify;\">Ou seja, a discuss\u00e3o ser\u00e1 no que tange quais as atitudes e mobiliza\u00e7\u00f5es devemos tomar como movimento estudantil e como institui\u00e7\u00e3o contra esses cortes, que prejudicam diretamente os estudantes.<\/p>\n<p style=\"text-align: justify;\">O DCE age no sentido de organizar o movimento dos estudantes, construir uma base forte e s\u00f3lida e pensar quais atitudes e movimentos s\u00e3o mais efetivos para garantir que haja uma revers\u00e3o deste cen\u00e1rio. Por isso, consideramos esta Assembleia imprescind\u00edvel para decidir os pr\u00f3ximos passos da nossa luta! Contamos com a presen\u00e7a e participa\u00e7\u00e3o de todas e todos.<\/p>\n","protected":false},"excerpt":{"rendered":"<p>O DCE UFPel &#8211; Gest\u00e3o DCE \u00e9 pra Lutar, convoca a todos os estudantes da Universidade para comparecerem \u00e0 ASSEMBLEIA GERAL que ser\u00e1 realizada \u00e0s 17h do dia 07\/12\/22 (quarta-feira) no Campus II da Universidade. A Assembleia tem como objetivo reunir estudantes, conselheiros de CA\u2019s e DA\u2019s, servidores e representantes da gest\u00e3o da UFPel para [&hellip;]<\/p>\n","protected":false},"author":580,"featured_media":0,"comment_status":"closed","ping_status":"closed","sticky":false,"template":"","format":"standard","meta":{"_jetpack_memberships_contains_paid_content":false,"footnotes":""},"categories":[1],"tags":[],"class_list":["post-1093","post","type-post","status-publish","format-standard","hentry","category-noticias"],"jetpack_featured_media_url":"","jetpack_sharing_enabled":true,"_links":{"self":[{"href":"https:\/\/wp.ufpel.edu.br\/dce\/wp-json\/wp\/v2\/posts\/1093","targetHints":{"allow":["GET"]}}],"collection":[{"href":"https:\/\/wp.ufpel.edu.br\/dce\/wp-json\/wp\/v2\/posts"}],"about":[{"href":"https:\/\/wp.ufpel.edu.br\/dce\/wp-json\/wp\/v2\/types\/post"}],"author":[{"embeddable":true,"href":"https:\/\/wp.ufpel.edu.br\/dce\/wp-json\/wp\/v2\/users\/580"}],"replies":[{"embeddable":true,"href":"https:\/\/wp.ufpel.edu.br\/dce\/wp-json\/wp\/v2\/comments?post=1093"}],"version-history":[{"count":1,"href":"https:\/\/wp.ufpel.edu.br\/dce\/wp-json\/wp\/v2\/posts\/1093\/revisions"}],"predecessor-version":[{"id":1095,"href":"https:\/\/wp.ufpel.edu.br\/dce\/wp-json\/wp\/v2\/posts\/1093\/revisions\/1095"}],"wp:attachment":[{"href":"https:\/\/wp.ufpel.edu.br\/dce\/wp-json\/wp\/v2\/media?parent=1093"}],"wp:term":[{"taxonomy":"category","embeddable":true,"href":"https:\/\/wp.ufpel.edu.br\/dce\/wp-json\/wp\/v2\/categories?post=1093"},{"taxonomy":"post_tag","embeddable":true,"href":"https:\/\/wp.ufpel.edu.br\/dce\/wp-json\/wp\/v2\/tags?post=1093"}],"curies":[{"name":"wp","href":"https:\/\/api.w.org\/{rel}","templated":true}]}}