{"id":1056,"date":"2022-09-23T03:40:03","date_gmt":"2022-09-23T06:40:03","guid":{"rendered":"https:\/\/wp.ufpel.edu.br\/dce\/?p=1056"},"modified":"2022-09-23T03:41:19","modified_gmt":"2022-09-23T06:41:19","slug":"conselho-de-das-e-cas-sera-realizado-neste-sabado","status":"publish","type":"post","link":"https:\/\/wp.ufpel.edu.br\/dce\/conselho-de-das-e-cas-sera-realizado-neste-sabado\/","title":{"rendered":"Conselho de DAs e CAs ser\u00e1 realizado neste s\u00e1bado e ter\u00e1 proposta de Calend\u00e1rio Acad\u00eamico entre pautas"},"content":{"rendered":"<p><a href=\"https:\/\/wp.ufpel.edu.br\/dce\/files\/2022\/09\/Conselho-1.png\"><img class=\"wp-image-1057 size-medium aligncenter\" src=\"https:\/\/wp.ufpel.edu.br\/dce\/files\/2022\/09\/Conselho-1-400x400.png\" alt=\"\" width=\"400\" height=\"400\" srcset=\"https:\/\/wp.ufpel.edu.br\/dce\/files\/2022\/09\/Conselho-1-400x400.png 400w, https:\/\/wp.ufpel.edu.br\/dce\/files\/2022\/09\/Conselho-1-1024x1024.png 1024w, https:\/\/wp.ufpel.edu.br\/dce\/files\/2022\/09\/Conselho-1-200x200.png 200w, https:\/\/wp.ufpel.edu.br\/dce\/files\/2022\/09\/Conselho-1-768x768.png 768w, https:\/\/wp.ufpel.edu.br\/dce\/files\/2022\/09\/Conselho-1.png 1080w\" sizes=\"(max-width: 400px) 100vw, 400px\" \/><\/a><\/p>\n<p>O Conselho de Centros e Diret\u00f3rios Acad\u00eamicos da UFPel realizar\u00e1 uma reuni\u00e3o ordin\u00e1ria nesta s\u00e1bado, dia 24, a partir das 10h, na Sede do CAFV, no por\u00e3o da Faculdade de Direito. Entre as principais pautas est\u00e3o a proposta de regulamenta\u00e7\u00e3o do Calend\u00e1rio Acad\u00eamico, apresentada pela Pr\u00f3-Reitoria de Ensino (PRE), forma\u00e7\u00e3o da Comiss\u00e3o Eleitoral (COE) do DCE, entre outros assuntos.<\/p>\n<p>Confira convoca\u00e7\u00e3o na \u00edntegra:<\/p>\n<p style=\"text-align: justify;\">A Mesa do Conselho de Centros e Diret\u00f3rios Acad\u00eamicos da UFPel convoca os representantes dos Centros e Diret\u00f3rios Acad\u00eamicos da UFPel e demais alunos para a REUNI\u00c3O ORDIN\u00c1RIA no pr\u00f3ximo S\u00e1bado (24\/09\/22) \u00e0s 10h00 na sede do CAFV, no pr\u00e9dio da Faculdade de Direito.<\/p>\n<p>Pauta:<br \/>\n1. Informes;<br \/>\n2. Regulamenta\u00e7\u00e3o do Calend\u00e1rio Acad\u00eamico;<br \/>\n3. Assento Anglo na Mesa do Conselho;<br \/>\n4. Forma\u00e7\u00e3o da COE (Comiss\u00e3o Eleitoral do DCE);<br \/>\n5. Outros assuntos de interesse geral.<\/p>\n<p>Para o credenciamento dos CA&#8217;s e DA&#8217;s, deve-se:<br \/>\n&#8211; CA&#8217;s e DA&#8217;s em exerc\u00edcio: encaminhar ata de posse no e-mail do Conselho (apenas em caso de ainda n\u00e3o haver sido enviada)<br \/>\n&#8211; CA&#8217;s e DA&#8217;s com exerc\u00edcio prorrogado devido ao contexto pand\u00eamico, bem como Comiss\u00f5es Organizadoras de Elei\u00e7\u00e3o e Comiss\u00f5es Pr\u00f3-CA, etc: preencher o Termo de Concess\u00e3o (enviado para os e-mails cadastrados pelos CA&#8217;s e DA&#8217;s e no grupo do Whatsapp do Conselho) e encaminh\u00e1-lo para o e-mail do Conselho.<br \/>\nE-mails devem ser encaminhados em, no m\u00e1ximo, 1h antes da reuni\u00e3o.<br \/>\nE-mail do Conselho: conselhocasdas.ufpel@gmail.com<\/p>\n<p>Todos os alunos t\u00eam o direito e o dever de cobrar a presen\u00e7a dos seus respectivos centros e diret\u00f3rios acad\u00eamicos no Conselho. A reuni\u00e3o \u00e9 aberta \u00e0 toda comunidade acad\u00eamica da UFPel e ter\u00e1 um teto de dura\u00e7\u00e3o de 01h30.<\/p>\n<p>Mesa do Conselho de Centros e Diret\u00f3rios Acad\u00eamicos da UFPel<br \/>\nDANK e CARI<\/p>\n","protected":false},"excerpt":{"rendered":"<p>O Conselho de Centros e Diret\u00f3rios Acad\u00eamicos da UFPel realizar\u00e1 uma reuni\u00e3o ordin\u00e1ria nesta s\u00e1bado, dia 24, a partir das 10h, na Sede do CAFV, no por\u00e3o da Faculdade de Direito. Entre as principais pautas est\u00e3o a proposta de regulamenta\u00e7\u00e3o do Calend\u00e1rio Acad\u00eamico, apresentada pela Pr\u00f3-Reitoria de Ensino (PRE), forma\u00e7\u00e3o da Comiss\u00e3o Eleitoral (COE) do [&hellip;]<\/p>\n","protected":false},"author":580,"featured_media":0,"comment_status":"closed","ping_status":"closed","sticky":false,"template":"","format":"standard","meta":{"_jetpack_memberships_contains_paid_content":false,"footnotes":""},"categories":[1],"tags":[],"class_list":["post-1056","post","type-post","status-publish","format-standard","hentry","category-noticias"],"jetpack_featured_media_url":"","jetpack_sharing_enabled":true,"_links":{"self":[{"href":"https:\/\/wp.ufpel.edu.br\/dce\/wp-json\/wp\/v2\/posts\/1056","targetHints":{"allow":["GET"]}}],"collection":[{"href":"https:\/\/wp.ufpel.edu.br\/dce\/wp-json\/wp\/v2\/posts"}],"about":[{"href":"https:\/\/wp.ufpel.edu.br\/dce\/wp-json\/wp\/v2\/types\/post"}],"author":[{"embeddable":true,"href":"https:\/\/wp.ufpel.edu.br\/dce\/wp-json\/wp\/v2\/users\/580"}],"replies":[{"embeddable":true,"href":"https:\/\/wp.ufpel.edu.br\/dce\/wp-json\/wp\/v2\/comments?post=1056"}],"version-history":[{"count":3,"href":"https:\/\/wp.ufpel.edu.br\/dce\/wp-json\/wp\/v2\/posts\/1056\/revisions"}],"predecessor-version":[{"id":1060,"href":"https:\/\/wp.ufpel.edu.br\/dce\/wp-json\/wp\/v2\/posts\/1056\/revisions\/1060"}],"wp:attachment":[{"href":"https:\/\/wp.ufpel.edu.br\/dce\/wp-json\/wp\/v2\/media?parent=1056"}],"wp:term":[{"taxonomy":"category","embeddable":true,"href":"https:\/\/wp.ufpel.edu.br\/dce\/wp-json\/wp\/v2\/categories?post=1056"},{"taxonomy":"post_tag","embeddable":true,"href":"https:\/\/wp.ufpel.edu.br\/dce\/wp-json\/wp\/v2\/tags?post=1056"}],"curies":[{"name":"wp","href":"https:\/\/api.w.org\/{rel}","templated":true}]}}