{"id":3269,"date":"2026-08-07T17:05:52","date_gmt":"2026-08-07T20:05:52","guid":{"rendered":"https:\/\/wp.ufpel.edu.br\/danca\/?p=3269"},"modified":"2026-08-07T17:05:52","modified_gmt":"2026-08-07T20:05:52","slug":"7o-fivrs-apresenta-a-comissao-avaliadora-convidada","status":"publish","type":"post","link":"https:\/\/wp.ufpel.edu.br\/danca\/2026\/08\/07\/7o-fivrs-apresenta-a-comissao-avaliadora-convidada\/","title":{"rendered":"7\u00ba FIVRS apresenta a Comiss\u00e3o Avaliadora Convidada"},"content":{"rendered":"<p>O 7\u00ba FIVRS recebeu 249 inscri\u00e7\u00f5es oriundas de 22 pa\u00edses &#8211; Alemanha, Argentina, B\u00e9lgica, Brasil, Chile, Col\u00f4mbia, Costa Rica, Cuba, Equador, Espanha, EUA, Fran\u00e7a, Honduras, It\u00e1lia, Jap\u00e3o, M\u00e9xico, Nig\u00e9ria, Pol\u00f4nia, Portugal, S\u00e9rvia, Uruguai, Venezuela; e de 22 estados do Brasil: Alagoas, Amazonas, Bahia, Cear\u00e1, Esp\u00edrito Santo, Goi\u00e1s, Maranh\u00e3o, Mato Grosso, Mato Grosso do Sul, Minas Gerais, Par\u00e1, Para\u00edba, Paran\u00e1, Pernambuco, Rio de Janeiro, Rio Grande do Norte, Rio Grande do Sul, Rond\u00f4nia, Roraima, Santa Catarina, S\u00e3o Paulo e Sergipe, mais Distrito Federal.<\/p>\n<p>Comiss\u00e3o avaliadora convidada:<br \/>\nAna Sede\u00f1o Valdell\u00f3s (Espanha) \u2013 Criadora audiovisual, doutora em Comunica\u00e7\u00e3o e professora na Universidade de M\u00e1laga.<br \/>\nSof\u00eda Orihuela (Bol\u00edvia) \u2013 Artista visual, gestora cultural, membra da REDIV e diretora do Festival Cuerpo Digital.<br \/>\nSarah Ferreira (SC, Brasil) \u2013 Performer, artista multim\u00eddia, diretora da plataforma Videodan\u00e7a+ e doutora em Artes (UFF).<br \/>\nAna Claudia Viana (RN, Brasil) \u2013 Artista da dan\u00e7a, pesquisadora, doutora em Educa\u00e7\u00e3o (UFRN) e p\u00f3s-doutora pelo IFRN.<br \/>\nIgor Pretto (RS, Brasil) \u2013 Artista da dan\u00e7a, videomaker, licenciado pela UNICRUZ e diretor c\u00eanico.<br \/>\nConfira os minicurr\u00edculos completos no arquivo: <a href=\"https:\/\/wp.ufpel.edu.br\/danca\/files\/2026\/08\/Comissao-Avaliadora-7-FIVRS-Google-Docs.pdf\">Comiss\u00e3o Avaliadora 7 FIVRS &#8211; Google Docs<\/a><\/p>\n","protected":false},"excerpt":{"rendered":"<p>O 7\u00ba FIVRS recebeu 249 inscri\u00e7\u00f5es oriundas de 22 pa\u00edses &#8211; Alemanha, Argentina, B\u00e9lgica, Brasil, Chile, Col\u00f4mbia, Costa Rica, Cuba, Equador, Espanha, EUA, Fran\u00e7a, Honduras, It\u00e1lia, Jap\u00e3o, M\u00e9xico, Nig\u00e9ria, Pol\u00f4nia, Portugal, S\u00e9rvia, Uruguai, Venezuela; e de 22 estados do Brasil: Alagoas, Amazonas, Bahia, Cear\u00e1, Esp\u00edrito Santo, Goi\u00e1s, Maranh\u00e3o, Mato Grosso, Mato Grosso do Sul, Minas [&hellip;]<\/p>\n","protected":false},"author":334,"featured_media":0,"comment_status":"closed","ping_status":"closed","sticky":false,"template":"","format":"standard","meta":{"_jetpack_newsletter_access":"","_jetpack_dont_email_post_to_subs":false,"_jetpack_newsletter_tier_id":0,"_jetpack_memberships_contains_paywalled_content":false,"_jetpack_memberships_contains_paid_content":false,"footnotes":""},"categories":[18],"tags":[],"class_list":["post-3269","post","type-post","status-publish","format-standard","hentry","category-sem-categoria"],"jetpack_featured_media_url":"","jetpack_sharing_enabled":true,"_links":{"self":[{"href":"https:\/\/wp.ufpel.edu.br\/danca\/wp-json\/wp\/v2\/posts\/3269","targetHints":{"allow":["GET"]}}],"collection":[{"href":"https:\/\/wp.ufpel.edu.br\/danca\/wp-json\/wp\/v2\/posts"}],"about":[{"href":"https:\/\/wp.ufpel.edu.br\/danca\/wp-json\/wp\/v2\/types\/post"}],"author":[{"embeddable":true,"href":"https:\/\/wp.ufpel.edu.br\/danca\/wp-json\/wp\/v2\/users\/334"}],"replies":[{"embeddable":true,"href":"https:\/\/wp.ufpel.edu.br\/danca\/wp-json\/wp\/v2\/comments?post=3269"}],"version-history":[{"count":1,"href":"https:\/\/wp.ufpel.edu.br\/danca\/wp-json\/wp\/v2\/posts\/3269\/revisions"}],"predecessor-version":[{"id":3272,"href":"https:\/\/wp.ufpel.edu.br\/danca\/wp-json\/wp\/v2\/posts\/3269\/revisions\/3272"}],"wp:attachment":[{"href":"https:\/\/wp.ufpel.edu.br\/danca\/wp-json\/wp\/v2\/media?parent=3269"}],"wp:term":[{"taxonomy":"category","embeddable":true,"href":"https:\/\/wp.ufpel.edu.br\/danca\/wp-json\/wp\/v2\/categories?post=3269"},{"taxonomy":"post_tag","embeddable":true,"href":"https:\/\/wp.ufpel.edu.br\/danca\/wp-json\/wp\/v2\/tags?post=3269"}],"curies":[{"name":"wp","href":"https:\/\/api.w.org\/{rel}","templated":true}]}}