{"id":3034,"date":"2025-08-01T10:11:41","date_gmt":"2025-08-01T13:11:41","guid":{"rendered":"https:\/\/wp.ufpel.edu.br\/danca\/?p=3034"},"modified":"2025-08-01T10:13:06","modified_gmt":"2025-08-01T13:13:06","slug":"conferencia-dancada-envelhecimento-em-danca-um-espaco-de-troca-de-saberes-internacionais","status":"publish","type":"post","link":"https:\/\/wp.ufpel.edu.br\/danca\/2025\/08\/01\/conferencia-dancada-envelhecimento-em-danca-um-espaco-de-troca-de-saberes-internacionais\/","title":{"rendered":"CONFER\u00caNCIA DAN\u00c7ADA: ENVELHECIMENTO EM DAN\u00c7A. Um espa\u00e7o de troca de saberes internacionais."},"content":{"rendered":"<p><span class=\"NormalTextRun SCXW112040515 BCX0\">Palestra com Sonia York-<\/span><span class=\"NormalTextRun SpellingErrorV2Themed SCXW112040515 BCX0\">Pryce<\/span><span class=\"NormalTextRun SCXW112040515 BCX0\">. PhD in Visual <\/span><span class=\"NormalTextRun SpellingErrorV2Themed SCXW112040515 BCX0\">of<\/span> <span class=\"NormalTextRun SpellingErrorV2Themed SCXW112040515 BCX0\">Arts<\/span><span class=\"NormalTextRun SCXW112040515 BCX0\">, Griffith <\/span><span class=\"NormalTextRun SpellingErrorV2Themed SCXW112040515 BCX0\">University<\/span><span class=\"NormalTextRun SCXW112040515 BCX0\"> (Austr\u00e1lia). Participa\u00e7\u00e3o pr\u00e1tica da Cia. Turno 2 e Gerson Leme (m\u00fasica experimental). <\/span><\/p>\n<p><span class=\"NormalTextRun SCXW112040515 BCX0\">Tradu\u00e7\u00e3o: Alexandra Dias, Marco Aur\u00e9lio Souza e Ricardo <\/span><span class=\"NormalTextRun SpellingErrorV2Themed SCXW112040515 BCX0\">Gregianin<\/span><span class=\"NormalTextRun SCXW112040515 BCX0\">. <\/span><\/p>\n<p><span class=\"NormalTextRun SCXW112040515 BCX0\">Sonia estudou bal\u00e9 cl\u00e1ssico na <\/span><span class=\"NormalTextRun SpellingErrorV2Themed SCXW112040515 BCX0\">Elmhurst<\/span><span class=\"NormalTextRun SCXW112040515 BCX0\"> Ballet <\/span><span class=\"NormalTextRun SpellingErrorV2Themed SCXW112040515 BCX0\">School<\/span><span class=\"NormalTextRun SCXW112040515 BCX0\"> e na Royal Ballet <\/span><span class=\"NormalTextRun SpellingErrorV2Themed SCXW112040515 BCX0\">School<\/span><span class=\"NormalTextRun SCXW112040515 BCX0\">, dan\u00e7a contempor\u00e2nea na London <\/span><span class=\"NormalTextRun SpellingErrorV2Themed SCXW112040515 BCX0\">School<\/span> <span class=\"NormalTextRun SpellingErrorV2Themed SCXW112040515 BCX0\">of<\/span> <span class=\"NormalTextRun SpellingErrorV2Themed SCXW112040515 BCX0\">Contemporary<\/span><span class=\"NormalTextRun SCXW112040515 BCX0\"> Dance e no Laban Centre, em Londres, Reino Unido. Participou de resid\u00eancias art\u00edsticas na <\/span><span class=\"NormalTextRun SpellingErrorV2Themed SCXW112040515 BCX0\">Red<\/span><span class=\"NormalTextRun SCXW112040515 BCX0\"> Gate <\/span><span class=\"NormalTextRun SpellingErrorV2Themed SCXW112040515 BCX0\">Gallery<\/span><span class=\"NormalTextRun SCXW112040515 BCX0\">, em Pequim (China), fotografando a Beijing LDTX <\/span><span class=\"NormalTextRun SpellingErrorV2Themed SCXW112040515 BCX0\">Contemporary<\/span><span class=\"NormalTextRun SCXW112040515 BCX0\"> Dance <\/span><span class=\"NormalTextRun SpellingErrorV2Themed SCXW112040515 BCX0\">Company<\/span><span class=\"NormalTextRun SCXW112040515 BCX0\"> em 2013 e 2016. e uma resid\u00eancia interdisciplinar com <\/span><span class=\"NormalTextRun SpellingErrorV2Themed SCXW112040515 BCX0\">Hospitalfield<\/span> <span class=\"NormalTextRun SpellingErrorV2Themed SCXW112040515 BCX0\">House<\/span><span class=\"NormalTextRun SCXW112040515 BCX0\">, em <\/span><span class=\"NormalTextRun SpellingErrorV2Themed SCXW112040515 BCX0\">Arbroath<\/span><span class=\"NormalTextRun SCXW112040515 BCX0\"> (Esc\u00f3cia) em 2017. Tamb\u00e9m fotografou a Images Ballet <\/span><span class=\"NormalTextRun SpellingErrorV2Themed SCXW112040515 BCX0\">Company<\/span><span class=\"NormalTextRun SCXW112040515 BCX0\"> do London Studio Centre em 2016 e 2019. Artista multidisciplinar, dan\u00e7arina, fot\u00f3grafa, cineasta e pesquisadora da dan\u00e7a. Questiona os padr\u00f5es da juventude na arte e valoriza a pot\u00eancia de corpos maduros em movimento. Em seu doutorado, investigou o papel de dan\u00e7arinos que v\u00e3o al\u00e9m das expectativas da ind\u00fastria em rela\u00e7\u00e3o \u00e0 idade aceit\u00e1vel, analisando sua contribui\u00e7\u00e3o aos di\u00e1logos atuais sobre o etarismo na cultura da dan\u00e7a ocidental. <\/span><\/p>\n<p><span class=\"NormalTextRun SCXW112040515 BCX0\">Dia 5\/8 \u00e0s 14 horas, na sala Biasoli &#8211; pr\u00e9dio 3 do Centro de Artes. <\/span><\/p>\n<p><span class=\"NormalTextRun SCXW112040515 BCX0\">A\u00e7\u00e3o realizada pelo projeto Turno2: pesquisa e cria\u00e7\u00e3o art\u00edstica, sob coordena\u00e7\u00e3o da professora Daniela Castro. <\/span><\/p>\n<p><span class=\"NormalTextRun SCXW112040515 BCX0\">Aberto a todos interessados. <\/span><\/p>\n<p><span class=\"NormalTextRun SCXW112040515 BCX0\">Inscri\u00e7\u00f5es pelo formul\u00e1rio:<\/span><\/p>\n<p><span class=\"NormalTextRun SCXW112040515 BCX0\"> <a href=\"https:\/\/docs.google.com\/forms\/d\/1ujPU3SzZnyHIK_OEA_ju22ZlLqcV_VnCp96tYobyEv0\/edit\">https:\/\/docs.google.com\/forms\/d\/1ujPU3SzZnyHIK_OEA_ju22ZlLqcV_VnCp96tYobyEv0\/edit<\/a><\/span><\/p>\n<p><a href=\"https:\/\/wp.ufpel.edu.br\/danca\/files\/2025\/07\/WhatsApp-Image-2025-07-30-at-10.01.18-1.jpeg\"><img class=\"aligncenter size-large wp-image-3045\" src=\"https:\/\/wp.ufpel.edu.br\/danca\/files\/2025\/07\/WhatsApp-Image-2025-07-30-at-10.01.18-1-819x1024.jpeg\" alt=\"\" width=\"819\" height=\"1024\" srcset=\"https:\/\/wp.ufpel.edu.br\/danca\/files\/2025\/07\/WhatsApp-Image-2025-07-30-at-10.01.18-1-819x1024.jpeg 819w, https:\/\/wp.ufpel.edu.br\/danca\/files\/2025\/07\/WhatsApp-Image-2025-07-30-at-10.01.18-1-320x400.jpeg 320w, https:\/\/wp.ufpel.edu.br\/danca\/files\/2025\/07\/WhatsApp-Image-2025-07-30-at-10.01.18-1-768x960.jpeg 768w, https:\/\/wp.ufpel.edu.br\/danca\/files\/2025\/07\/WhatsApp-Image-2025-07-30-at-10.01.18-1.jpeg 1080w\" sizes=\"(max-width: 819px) 100vw, 819px\" \/><\/a> <a href=\"https:\/\/wp.ufpel.edu.br\/danca\/files\/2025\/07\/WhatsApp-Image-2025-07-30-at-10.01.18-2.jpeg\"><img class=\"aligncenter size-large wp-image-3046\" src=\"https:\/\/wp.ufpel.edu.br\/danca\/files\/2025\/07\/WhatsApp-Image-2025-07-30-at-10.01.18-2-819x1024.jpeg\" alt=\"\" width=\"819\" height=\"1024\" srcset=\"https:\/\/wp.ufpel.edu.br\/danca\/files\/2025\/07\/WhatsApp-Image-2025-07-30-at-10.01.18-2-819x1024.jpeg 819w, https:\/\/wp.ufpel.edu.br\/danca\/files\/2025\/07\/WhatsApp-Image-2025-07-30-at-10.01.18-2-320x400.jpeg 320w, https:\/\/wp.ufpel.edu.br\/danca\/files\/2025\/07\/WhatsApp-Image-2025-07-30-at-10.01.18-2-768x960.jpeg 768w, https:\/\/wp.ufpel.edu.br\/danca\/files\/2025\/07\/WhatsApp-Image-2025-07-30-at-10.01.18-2.jpeg 1080w\" sizes=\"(max-width: 819px) 100vw, 819px\" \/><\/a> <a href=\"https:\/\/wp.ufpel.edu.br\/danca\/files\/2025\/07\/WhatsApp-Image-2025-07-30-at-10.01.18-3.jpeg\"><img class=\"aligncenter size-large wp-image-3047\" src=\"https:\/\/wp.ufpel.edu.br\/danca\/files\/2025\/07\/WhatsApp-Image-2025-07-30-at-10.01.18-3-819x1024.jpeg\" alt=\"\" width=\"819\" height=\"1024\" srcset=\"https:\/\/wp.ufpel.edu.br\/danca\/files\/2025\/07\/WhatsApp-Image-2025-07-30-at-10.01.18-3-819x1024.jpeg 819w, https:\/\/wp.ufpel.edu.br\/danca\/files\/2025\/07\/WhatsApp-Image-2025-07-30-at-10.01.18-3-320x400.jpeg 320w, https:\/\/wp.ufpel.edu.br\/danca\/files\/2025\/07\/WhatsApp-Image-2025-07-30-at-10.01.18-3-768x960.jpeg 768w, https:\/\/wp.ufpel.edu.br\/danca\/files\/2025\/07\/WhatsApp-Image-2025-07-30-at-10.01.18-3.jpeg 1080w\" sizes=\"(max-width: 819px) 100vw, 819px\" \/><\/a> <a href=\"https:\/\/wp.ufpel.edu.br\/danca\/files\/2025\/07\/WhatsApp-Image-2025-07-30-at-10.01.18-4.jpeg\"><img class=\"aligncenter size-large wp-image-3048\" src=\"https:\/\/wp.ufpel.edu.br\/danca\/files\/2025\/07\/WhatsApp-Image-2025-07-30-at-10.01.18-4-819x1024.jpeg\" alt=\"\" width=\"819\" height=\"1024\" srcset=\"https:\/\/wp.ufpel.edu.br\/danca\/files\/2025\/07\/WhatsApp-Image-2025-07-30-at-10.01.18-4-819x1024.jpeg 819w, https:\/\/wp.ufpel.edu.br\/danca\/files\/2025\/07\/WhatsApp-Image-2025-07-30-at-10.01.18-4-320x400.jpeg 320w, https:\/\/wp.ufpel.edu.br\/danca\/files\/2025\/07\/WhatsApp-Image-2025-07-30-at-10.01.18-4-768x960.jpeg 768w, https:\/\/wp.ufpel.edu.br\/danca\/files\/2025\/07\/WhatsApp-Image-2025-07-30-at-10.01.18-4.jpeg 1080w\" sizes=\"(max-width: 819px) 100vw, 819px\" \/><\/a> <a href=\"https:\/\/wp.ufpel.edu.br\/danca\/files\/2025\/07\/WhatsApp-Image-2025-07-30-at-10.01.18.jpeg\"><img class=\"aligncenter size-large wp-image-3049\" src=\"https:\/\/wp.ufpel.edu.br\/danca\/files\/2025\/07\/WhatsApp-Image-2025-07-30-at-10.01.18-819x1024.jpeg\" alt=\"\" width=\"819\" height=\"1024\" srcset=\"https:\/\/wp.ufpel.edu.br\/danca\/files\/2025\/07\/WhatsApp-Image-2025-07-30-at-10.01.18-819x1024.jpeg 819w, https:\/\/wp.ufpel.edu.br\/danca\/files\/2025\/07\/WhatsApp-Image-2025-07-30-at-10.01.18-320x400.jpeg 320w, https:\/\/wp.ufpel.edu.br\/danca\/files\/2025\/07\/WhatsApp-Image-2025-07-30-at-10.01.18-768x960.jpeg 768w, https:\/\/wp.ufpel.edu.br\/danca\/files\/2025\/07\/WhatsApp-Image-2025-07-30-at-10.01.18.jpeg 1080w\" sizes=\"(max-width: 819px) 100vw, 819px\" \/><\/a><\/p>\n","protected":false},"excerpt":{"rendered":"<p>Palestra com Sonia York-Pryce. PhD in Visual of Arts, Griffith University (Austr\u00e1lia). Participa\u00e7\u00e3o pr\u00e1tica da Cia. Turno 2 e Gerson Leme (m\u00fasica experimental). Tradu\u00e7\u00e3o: Alexandra Dias, Marco Aur\u00e9lio Souza e Ricardo Gregianin. Sonia estudou bal\u00e9 cl\u00e1ssico na Elmhurst Ballet School e na Royal Ballet School, dan\u00e7a contempor\u00e2nea na London School of Contemporary Dance e no [&hellip;]<\/p>\n","protected":false},"author":334,"featured_media":0,"comment_status":"closed","ping_status":"closed","sticky":false,"template":"","format":"standard","meta":{"_jetpack_memberships_contains_paid_content":false,"footnotes":""},"categories":[18],"tags":[],"class_list":["post-3034","post","type-post","status-publish","format-standard","hentry","category-sem-categoria"],"jetpack_featured_media_url":"","jetpack_sharing_enabled":true,"_links":{"self":[{"href":"https:\/\/wp.ufpel.edu.br\/danca\/wp-json\/wp\/v2\/posts\/3034","targetHints":{"allow":["GET"]}}],"collection":[{"href":"https:\/\/wp.ufpel.edu.br\/danca\/wp-json\/wp\/v2\/posts"}],"about":[{"href":"https:\/\/wp.ufpel.edu.br\/danca\/wp-json\/wp\/v2\/types\/post"}],"author":[{"embeddable":true,"href":"https:\/\/wp.ufpel.edu.br\/danca\/wp-json\/wp\/v2\/users\/334"}],"replies":[{"embeddable":true,"href":"https:\/\/wp.ufpel.edu.br\/danca\/wp-json\/wp\/v2\/comments?post=3034"}],"version-history":[{"count":2,"href":"https:\/\/wp.ufpel.edu.br\/danca\/wp-json\/wp\/v2\/posts\/3034\/revisions"}],"predecessor-version":[{"id":3051,"href":"https:\/\/wp.ufpel.edu.br\/danca\/wp-json\/wp\/v2\/posts\/3034\/revisions\/3051"}],"wp:attachment":[{"href":"https:\/\/wp.ufpel.edu.br\/danca\/wp-json\/wp\/v2\/media?parent=3034"}],"wp:term":[{"taxonomy":"category","embeddable":true,"href":"https:\/\/wp.ufpel.edu.br\/danca\/wp-json\/wp\/v2\/categories?post=3034"},{"taxonomy":"post_tag","embeddable":true,"href":"https:\/\/wp.ufpel.edu.br\/danca\/wp-json\/wp\/v2\/tags?post=3034"}],"curies":[{"name":"wp","href":"https:\/\/api.w.org\/{rel}","templated":true}]}}