{"id":2469,"date":"2023-08-17T13:01:53","date_gmt":"2023-08-17T16:01:53","guid":{"rendered":"https:\/\/wp.ufpel.edu.br\/danca\/?p=2469"},"modified":"2023-08-17T13:01:53","modified_gmt":"2023-08-17T16:01:53","slug":"fivrs-2023-anuncia-videodancas-selecionadas","status":"publish","type":"post","link":"https:\/\/wp.ufpel.edu.br\/danca\/2023\/08\/17\/fivrs-2023-anuncia-videodancas-selecionadas\/","title":{"rendered":"FIVRS 2023 anuncia videodan\u00e7as selecionadas"},"content":{"rendered":"<p>Chegando a sua quarta, o Festival Internacional de Videodan\u00e7a do RS \u2013 FIVRS anuncia a sele\u00e7\u00e3o de 49 videodan\u00e7as, oriundos de 19 pa\u00edses: \u00c1frica do Sul, Argentina, Brasil, Col\u00f4mbia, Costa Rica, Cuba, Esc\u00f3cia, Espanha, Estados Unidos, Fran\u00e7a, Indon\u00e9sia, It\u00e1lia, M\u00e9xico, Nig\u00e9ria, Peru, Pol\u00f4nia, Portugal, Uruguai, Venezuela; e de 8 estados do Brasil: Bahia, Distrito Federal, Esp\u00edrito Santo, Goi\u00e1s, Maranh\u00e3o, Minas Gerais, Rio Grande do Norte, Rio Grande do Sul.<\/p>\n<p>A comiss\u00e3o avaliadora do FIVRS 2023 foi composta por: Ana Sede\u00f1o Valdell\u00f3s (Espanha), Constanza Cordovez (Chile), Gustav Courbet (Brasil), Leo Roat (Brasil), Mabel Cristina Filim\u00f3n (Argentina) e\u00a0 Manoel Timba\u00ed (Brasil).<\/p>\n<p><strong>Videodan\u00e7as selecionadas<\/strong><\/p>\n<p>Acci\u00f3n Art\u00edstica Butoh (2023, 06\u201916\u201d), de Osvaldo Cibils + IA. Uruguai\/Barcelona, Espanha.<\/p>\n<p>Areinwe (2023, 03\u201920\u201d), de Selene Baptista e Sebasti\u00e1n Garc\u00eda. Venezuela.<\/p>\n<p><img class=\"alignnone size-full wp-image-10107\" src=\"https:\/\/wp.ufpel.edu.br\/ppgartes\/files\/2023\/08\/Areinwe-2023-0320_.jpg\" sizes=\"(max-width: 960px) 100vw, 960px\" srcset=\"https:\/\/wp.ufpel.edu.br\/ppgartes\/files\/2023\/08\/Areinwe-2023-0320_.jpg 960w, https:\/\/wp.ufpel.edu.br\/ppgartes\/files\/2023\/08\/Areinwe-2023-0320_-400x225.jpg 400w, https:\/\/wp.ufpel.edu.br\/ppgartes\/files\/2023\/08\/Areinwe-2023-0320_-768x432.jpg 768w\" alt=\"\" width=\"960\" height=\"540\" \/><\/p>\n<p>Asas (2022, 02\u201919\u201d), de Diego Mac. Porto Alegre, Rio Grande do Sul, Brasil.<\/p>\n<p>Being Elsewhere (2021, 02\u201931\u201d), de Holger Mohaupt. North Berwick, East Lothian, Esc\u00f3cia.<\/p>\n<p>B\u00ebw\u00e1k (2023, 03:53\u2033), de Hellen Hern\u00e1ndez S\u00e1nchez e Fabio Cecilio P\u00e9rez Sol\u00eds. Costa Rica.<\/p>\n<p><img class=\"alignnone size-full wp-image-10108\" src=\"https:\/\/wp.ufpel.edu.br\/ppgartes\/files\/2023\/08\/Bewak__-2023-03_53_.jpg\" sizes=\"(max-width: 1920px) 100vw, 1920px\" srcset=\"https:\/\/wp.ufpel.edu.br\/ppgartes\/files\/2023\/08\/Bewak__-2023-03_53_.jpg 1920w, https:\/\/wp.ufpel.edu.br\/ppgartes\/files\/2023\/08\/Bewak__-2023-03_53_-400x169.jpg 400w, https:\/\/wp.ufpel.edu.br\/ppgartes\/files\/2023\/08\/Bewak__-2023-03_53_-1024x433.jpg 1024w, https:\/\/wp.ufpel.edu.br\/ppgartes\/files\/2023\/08\/Bewak__-2023-03_53_-768x325.jpg 768w, https:\/\/wp.ufpel.edu.br\/ppgartes\/files\/2023\/08\/Bewak__-2023-03_53_-1536x650.jpg 1536w\" alt=\"\" width=\"1920\" height=\"812\" \/><\/p>\n<p>Blessings (2021, 05\u201902\u201d), de Tanniqua-Kay Buchanan. Chicago, Illinois,\u00a0 Estados Unidos.<\/p>\n<p>Bolha (2021, 09\u201958\u201d), de Movidos Dan\u00e7a. Natal, Rio Grande do Norte, Brasil.<\/p>\n<p>Childhood\/Adulthood (2022, 06\u201929\u201d), de Jagoda Turlik e Julia Domagalska, Szymon Pacholec, Piotr Werewka. Vars\u00f3via, Pol\u00f4nia.<\/p>\n<p>CINESIA (2022, 02\u2032), de Eduarda Barcelos. Pelotas, Rio Grande do Sul, Brasil.<\/p>\n<p>Compuls\u00f3rio (2022, 04\u201925\u201d), de Aline Salmin e Bruna Brunu. Uberl\u00e2ndia, Minas Gerais, Brasil.<\/p>\n<p>Corpoesia (2023, 02\u201909\u201d), de Samara Rocha Santos e Ademir Junior. Esp\u00edrito Santo, Brasil.<\/p>\n<p>Corpos\/Cidade (2021, 10\u2032), de Kanau\u00e3 Nharu. Canoas, Rio Grande do Sul, Brasil.<\/p>\n<p>C R I S O L (2021, 07\u201904\u201d), de Camila Magal\u00ed Pereyra. Ushuaia, Tierra del Fuego, Argentina.<\/p>\n<p>Dan\u00e7a do quase sil\u00eancio ou Uma afro-ga\u00facha em dan\u00e7oviv\u00eancias (2022, 09\u201943\u201d), de Liana da Silva Cunha e Jaqueline Santana. Santa Maria, Rio Grande do Sul, Brasil.<\/p>\n<p>Descent into Death (2021, 10\u2033), de Smangaliso Ngwenya e Phumlani Mndebele. Joanesburgo, \u00c1frica do Sul.<\/p>\n<p>Despertar (2023, 04\u201923\u201d), de Aldo Venegas. Acapulco, M\u00e9xico.<\/p>\n<p><img class=\"alignnone size-full wp-image-10109\" src=\"https:\/\/wp.ufpel.edu.br\/ppgartes\/files\/2023\/08\/Despertar-2023-0423_.png\" sizes=\"(max-width: 1200px) 100vw, 1200px\" srcset=\"https:\/\/wp.ufpel.edu.br\/ppgartes\/files\/2023\/08\/Despertar-2023-0423_.png 1200w, https:\/\/wp.ufpel.edu.br\/ppgartes\/files\/2023\/08\/Despertar-2023-0423_-320x400.png 320w, https:\/\/wp.ufpel.edu.br\/ppgartes\/files\/2023\/08\/Despertar-2023-0423_-819x1024.png 819w, https:\/\/wp.ufpel.edu.br\/ppgartes\/files\/2023\/08\/Despertar-2023-0423_-768x960.png 768w\" alt=\"\" width=\"1200\" height=\"1500\" \/><\/p>\n<p>El tiempo cambia \u2013 Disciplina (2022, 04\u201902\u201d), de Yanoski Suarez Rodriguez e Paseal Perron. Santiago de Cuba, Cuba.<\/p>\n<p>El t\u00fanel (2022, 06\u201906\u201d), de Rafaela Molina. Montevid\u00e9u, Uruguai.<\/p>\n<p>Entre orix\u00e1s (2022, 08 30\u2033), de Dinah Schonhaut. Buenos Aires, Argentina.<\/p>\n<p>Espaldas Dobladas (2021, 05\u201915\u201d) de Hern\u00e1n David L\u00f3pez. Buenos Aires, Argentina.<\/p>\n<p>Hacer Memoria Cuerpo, Cap\u00edtulo 1 (2021, 10\u2033), de Micaela Rivetti, Nicol\u00e1s Martinez Cremonese e Maximiliano Bottoli. Buenos Aires, Argentina.<\/p>\n<p>I and I: conversations with 3rd self (2023, 02\u201929\u201d), de Boitumelo Motau e Wesley Hlongwane. Joanesburgo, \u00c1frica do Sul.<\/p>\n<p>imorredouro (2022, 03\u201935\u201d), de Davidson Jos\u00e9 Martins Xavier e Bernardo Morais. Aparecida de Goi\u00e2nia, Goi\u00e1s, Brasil.<\/p>\n<p><img class=\"alignnone size-full wp-image-10110\" src=\"https:\/\/wp.ufpel.edu.br\/ppgartes\/files\/2023\/08\/imorredouro-2022-0335_.png\" sizes=\"(max-width: 2191px) 100vw, 2191px\" srcset=\"https:\/\/wp.ufpel.edu.br\/ppgartes\/files\/2023\/08\/imorredouro-2022-0335_.png 2191w, https:\/\/wp.ufpel.edu.br\/ppgartes\/files\/2023\/08\/imorredouro-2022-0335_-400x229.png 400w, https:\/\/wp.ufpel.edu.br\/ppgartes\/files\/2023\/08\/imorredouro-2022-0335_-1024x587.png 1024w, https:\/\/wp.ufpel.edu.br\/ppgartes\/files\/2023\/08\/imorredouro-2022-0335_-768x440.png 768w, https:\/\/wp.ufpel.edu.br\/ppgartes\/files\/2023\/08\/imorredouro-2022-0335_-1536x880.png 1536w, https:\/\/wp.ufpel.edu.br\/ppgartes\/files\/2023\/08\/imorredouro-2022-0335_-2048x1173.png 2048w\" alt=\"\" width=\"2191\" height=\"1255\" \/><\/p>\n<p>La Nada se Traga Una cosa Tras Otra (2022, 06\u201903\u201d), de Daro Ceballos e Gabriela Bondone. Villa Maria, C\u00f3rdoba, Argentina.<\/p>\n<p>Las paredes hablan (2021, 06\u201937\u201d), de Edgar Laiseca Rodr\u00edguez. Bogot\u00e1, Col\u00f4mbia.<\/p>\n<p>Latitude-zero (2022-2023, 06\u201940\u201d) de Ygor Gohan de Paiva Faria. Belo Horizonte, Minas Gerais, Brasil.<\/p>\n<p>Los siete umbrales (2023, 01\u201930\u201d), de Blas Payri. Val\u00eancia, Espanha.<\/p>\n<p>Marie. Eduardo. Sophie (2022, 03\u2032), de Thomas Corriveau. Bromont, Quebec, Canad\u00e1.<\/p>\n<p>Muros (2022, 10\u2033), de Dani Cobarrubias e Carmen Porras. Granada, Espanha.<\/p>\n<p>My non-relative fullness (2023, 04\u201938\u201d) Uladzimir Slizhyk. Vars\u00f3via, Pol\u00f4nia.<\/p>\n<p><img class=\"alignnone size-full wp-image-10111\" src=\"https:\/\/wp.ufpel.edu.br\/ppgartes\/files\/2023\/08\/My-non-relative-fullness-2023-0438_-Uladzimir-Slizhyk.-Varsovia.jpg\" sizes=\"(max-width: 1920px) 100vw, 1920px\" srcset=\"https:\/\/wp.ufpel.edu.br\/ppgartes\/files\/2023\/08\/My-non-relative-fullness-2023-0438_-Uladzimir-Slizhyk.-Varsovia.jpg 1920w, https:\/\/wp.ufpel.edu.br\/ppgartes\/files\/2023\/08\/My-non-relative-fullness-2023-0438_-Uladzimir-Slizhyk.-Varsovia-400x225.jpg 400w, https:\/\/wp.ufpel.edu.br\/ppgartes\/files\/2023\/08\/My-non-relative-fullness-2023-0438_-Uladzimir-Slizhyk.-Varsovia-1024x576.jpg 1024w, https:\/\/wp.ufpel.edu.br\/ppgartes\/files\/2023\/08\/My-non-relative-fullness-2023-0438_-Uladzimir-Slizhyk.-Varsovia-768x432.jpg 768w, https:\/\/wp.ufpel.edu.br\/ppgartes\/files\/2023\/08\/My-non-relative-fullness-2023-0438_-Uladzimir-Slizhyk.-Varsovia-1536x864.jpg 1536w\" alt=\"\" width=\"1920\" height=\"1080\" \/><\/p>\n<p>Novos velhos corpos 50 + (2023, 07\u201953\u201d), de Suzane Weber da Silva e Alex Sernambi. Porto Alegre, Rio Grande do Sul, Brasil.<\/p>\n<p>Nuestra Sombra (2022, 06\u201918\u201d), de Mar\u00eda Fernanda Contreras. Toluca, Estado de M\u00e9xico, M\u00e9xico.<\/p>\n<p>O (re)nascer do meu existir (2022, 06\u2032), de Patricia Chavarelli Vilela da Silva. Uberl\u00e2ndia, Minas Gerais, Brasil.<\/p>\n<p>P\u00e9 45 sem Par \u2013 manipula\u00e7\u00e3o I e II (2021, 04\u2032), Cia. Excessos Studio \u2013 Tales Frey e Hilda de Paulo. Brasil\/Porto, Portugal.<\/p>\n<p>Piano-Soleil (2023, 07\u201930\u201d), de Caio Amon e Camila Vergara. Porto Alegre, Rio Grande do Sul, Brasil.<\/p>\n<p>POIS QUE IA: sob a mem\u00f3ria (2022, 07\u2032), de Gabriela Mercadante Ferrari. Salvador, Bahia, Brasil.<\/p>\n<p>Red (2023, 05\u2033), coletivo DEHORS\/AUDELA \u2013 Salvatore Insana e Elisa Turco Liveri. Roma, It\u00e1lia.<\/p>\n<p>Remanencia (2022, 06\u2032), de Esteban Richmond Uma\u00f1a, com participa\u00e7\u00e3o de Ver\u00f4nica Monestel. Costa Rica.<\/p>\n<p>Revoada (2022, 03\u201914\u201d), de Claudia Tayanne Gomes Marreiros. S\u00e3o Lu\u00eds, Maranh\u00e3o, Brasil.<\/p>\n<p>Sil\u00eancios (2023,10\u2033), de C\u00e9sar Ulloa Cu\u00e9llar. Lima, Per\u00fa.<\/p>\n<p><img class=\"alignnone size-full wp-image-10112\" src=\"https:\/\/wp.ufpel.edu.br\/ppgartes\/files\/2023\/08\/Silencios-202310_.jpg\" sizes=\"(max-width: 1080px) 100vw, 1080px\" srcset=\"https:\/\/wp.ufpel.edu.br\/ppgartes\/files\/2023\/08\/Silencios-202310_.jpg 1080w, https:\/\/wp.ufpel.edu.br\/ppgartes\/files\/2023\/08\/Silencios-202310_-320x400.jpg 320w, https:\/\/wp.ufpel.edu.br\/ppgartes\/files\/2023\/08\/Silencios-202310_-819x1024.jpg 819w, https:\/\/wp.ufpel.edu.br\/ppgartes\/files\/2023\/08\/Silencios-202310_-768x960.jpg 768w\" alt=\"\" width=\"1080\" height=\"1350\" \/><\/p>\n<p>Similitude (2021, 06\u201933\u201d), de Rafael Tursi e Danilo Borges. Bras\u00edlia, Distrito Federal, Brasil.<\/p>\n<p>Tempore Neon (2022, 07\u2032), de Arthur Antunes e Thairini Moreno. Vit\u00f3ria da Conquista, Bahia, Brasil.<\/p>\n<p>Three Anomi (2021, 04\u201931\u201d), de Shohifur Ridho\u2019i. Yogyakarta, Indon\u00e9sia.<\/p>\n<p>Uholdeak (2022, 05\u201910\u201d). de Olatz Larunbe e B\u00e1rbara Fern\u00e1ndez. Pamplona, Navarra, Espanha.<\/p>\n<p>Vamos fazer de conta\u2026 (2022, 09\u201908\u201d), de Bernardo Gasparini, Elton de Souza e Sara Marchezini. Minas Gerais, Brasil.<\/p>\n<p>V\u00eanus (2021, 08\u201905\u201d), de Patricia Nardelli Pinto Santana e Emily da Silva. Porto Alegre, Rio Grande do Sul, Brasil.<\/p>\n<p>What\u2019s Bred in the Blood and Bone (2021, 05\u201909\u201d), de Robin M Gee. Greensboro, Carolina do Norte,\u00a0 Estados Unidos.<\/p>\n<p>Yin Yang (2022, 07\u201950\u201d), de Femi Adebajo e Companhia o Futuro da Dan\u00e7a. Lagos, Nig\u00e9ria.<\/p>\n<p>\u98db\u5929 \u2013 Fei Tian\u00a0 (2023, 04\u2032), de Selena Regad. Paris, Fran\u00e7a.<\/p>\n<p><strong>ORGANIZA\u00c7\u00c3O<\/strong><br \/>\nDiretoras<br \/>\nCarmen Anita Hoffmann \u2013 UFPel<br \/>\nRos\u00e2ngela Fachel \u2013 UFPel<\/p>\n<p><strong>Comiss\u00e3o organizadora\u00a0<\/strong><br \/>\nCarmen Anita Hoffmann \u2013 UFPel<br \/>\nRos\u00e2ngela Fachel \u2013 UFPel<br \/>\nM\u00f4nica Fagundes Dantas \u2013 UFRGS<br \/>\nAna Sede\u00f1o-Valdell\u00f3s \u2013 Universidad de M\u00e1laga, Espanha<br \/>\nCarlise Scalamato \u2013 UFSM<br \/>\nRebeca Recuero \u2013 UFPel<br \/>\nHamilton Bittencourt \u2013 UFPel<br \/>\nTaiany Gl\u00f3ria \u2013 Curso de Dan\u00e7a, UFPel<br \/>\nLuana Echevengua Arrieche \u2013 IFSul<br \/>\nLarissa Schip \u2013 UFPel<br \/>\nMarcos J\u00falio Fuhr \u2013 Funda\u00e7\u00e3o ECARTA<br \/>\nAndr\u00e9 Venzon \u2013 Funda\u00e7\u00e3o ECARTA<br \/>\nVal\u00e9ria Och\u00f4a \u2013 Funda\u00e7\u00e3o ECARTA<br \/>\nStela Pastore \u2013 Funda\u00e7\u00e3o ECARTA<br \/>\nElisabete Crucillo \u2013 Funda\u00e7\u00e3o ECARTA<\/p>\n<p><strong>Realiza\u00e7\u00e3o:<\/strong><\/p>\n<p><img class=\"alignnone size-full wp-image-10114\" src=\"https:\/\/wp.ufpel.edu.br\/ppgartes\/files\/2023\/08\/Realizac%CC%A7a%CC%83o.jpg\" sizes=\"(max-width: 1414px) 100vw, 1414px\" srcset=\"https:\/\/wp.ufpel.edu.br\/ppgartes\/files\/2023\/08\/Realizac\u0327a\u0303o.jpg 1414w, https:\/\/wp.ufpel.edu.br\/ppgartes\/files\/2023\/08\/Realizac\u0327a\u0303o-400x93.jpg 400w, https:\/\/wp.ufpel.edu.br\/ppgartes\/files\/2023\/08\/Realizac\u0327a\u0303o-1024x237.jpg 1024w, https:\/\/wp.ufpel.edu.br\/ppgartes\/files\/2023\/08\/Realizac\u0327a\u0303o-768x178.jpg 768w\" alt=\"\" width=\"1414\" height=\"327\" \/><\/p>\n<p><strong>Apoio:<\/strong><\/p>\n<p><img class=\"alignnone size-full wp-image-10115\" src=\"https:\/\/wp.ufpel.edu.br\/ppgartes\/files\/2023\/08\/Apoio.jpg\" sizes=\"(max-width: 1396px) 100vw, 1396px\" srcset=\"https:\/\/wp.ufpel.edu.br\/ppgartes\/files\/2023\/08\/Apoio.jpg 1396w, https:\/\/wp.ufpel.edu.br\/ppgartes\/files\/2023\/08\/Apoio-400x105.jpg 400w, https:\/\/wp.ufpel.edu.br\/ppgartes\/files\/2023\/08\/Apoio-1024x269.jpg 1024w, https:\/\/wp.ufpel.edu.br\/ppgartes\/files\/2023\/08\/Apoio-768x202.jpg 768w\" alt=\"\" width=\"1396\" height=\"367\" \/><\/p>\n<div class=\"limpa\"><\/div>\n","protected":false},"excerpt":{"rendered":"<p>Chegando a sua quarta, o Festival Internacional de Videodan\u00e7a do RS \u2013 FIVRS anuncia a sele\u00e7\u00e3o de 49 videodan\u00e7as, oriundos de 19 pa\u00edses: \u00c1frica do Sul, Argentina, Brasil, Col\u00f4mbia, Costa Rica, Cuba, Esc\u00f3cia, Espanha, Estados Unidos, Fran\u00e7a, Indon\u00e9sia, It\u00e1lia, M\u00e9xico, Nig\u00e9ria, Peru, Pol\u00f4nia, Portugal, Uruguai, Venezuela; e de 8 estados do Brasil: Bahia, Distrito Federal, [&hellip;]<\/p>\n","protected":false},"author":334,"featured_media":0,"comment_status":"closed","ping_status":"closed","sticky":false,"template":"","format":"standard","meta":{"_jetpack_memberships_contains_paid_content":false,"footnotes":""},"categories":[18],"tags":[],"class_list":["post-2469","post","type-post","status-publish","format-standard","hentry","category-sem-categoria"],"jetpack_featured_media_url":"","jetpack_sharing_enabled":true,"_links":{"self":[{"href":"https:\/\/wp.ufpel.edu.br\/danca\/wp-json\/wp\/v2\/posts\/2469","targetHints":{"allow":["GET"]}}],"collection":[{"href":"https:\/\/wp.ufpel.edu.br\/danca\/wp-json\/wp\/v2\/posts"}],"about":[{"href":"https:\/\/wp.ufpel.edu.br\/danca\/wp-json\/wp\/v2\/types\/post"}],"author":[{"embeddable":true,"href":"https:\/\/wp.ufpel.edu.br\/danca\/wp-json\/wp\/v2\/users\/334"}],"replies":[{"embeddable":true,"href":"https:\/\/wp.ufpel.edu.br\/danca\/wp-json\/wp\/v2\/comments?post=2469"}],"version-history":[{"count":1,"href":"https:\/\/wp.ufpel.edu.br\/danca\/wp-json\/wp\/v2\/posts\/2469\/revisions"}],"predecessor-version":[{"id":2471,"href":"https:\/\/wp.ufpel.edu.br\/danca\/wp-json\/wp\/v2\/posts\/2469\/revisions\/2471"}],"wp:attachment":[{"href":"https:\/\/wp.ufpel.edu.br\/danca\/wp-json\/wp\/v2\/media?parent=2469"}],"wp:term":[{"taxonomy":"category","embeddable":true,"href":"https:\/\/wp.ufpel.edu.br\/danca\/wp-json\/wp\/v2\/categories?post=2469"},{"taxonomy":"post_tag","embeddable":true,"href":"https:\/\/wp.ufpel.edu.br\/danca\/wp-json\/wp\/v2\/tags?post=2469"}],"curies":[{"name":"wp","href":"https:\/\/api.w.org\/{rel}","templated":true}]}}