{"id":1906,"date":"2022-02-09T09:13:41","date_gmt":"2022-02-09T12:13:41","guid":{"rendered":"https:\/\/wp.ufpel.edu.br\/danca\/?p=1906"},"modified":"2022-02-09T09:13:41","modified_gmt":"2022-02-09T12:13:41","slug":"2o-premio-talento-universitario","status":"publish","type":"post","link":"https:\/\/wp.ufpel.edu.br\/danca\/2022\/02\/09\/2o-premio-talento-universitario\/","title":{"rendered":"2\u00ba Pr\u00eamio Talento Universit\u00e1rio"},"content":{"rendered":"<p>Divulgamos o Of\u00edcio-Circular N\u00ba 1\/2022\/GAB\/SESU\/SESu-MEC que versa sobre as inscri\u00e7\u00f5es para o 2\u00ba Pr\u00eamio Talento Universit\u00e1rio.<\/p>\n<p><a href=\"https:\/\/wp.ufpel.edu.br\/danca\/files\/2022\/02\/Oficio-Circular-N-1-Ministerio-da-Educacao.pdf\">Of\u00edcio-Circular N\u00b0 1 &#8211; Minist\u00e9rio da Educa\u00e7\u00e3o<\/a><\/p>\n","protected":false},"excerpt":{"rendered":"<p>Divulgamos o Of\u00edcio-Circular N\u00ba 1\/2022\/GAB\/SESU\/SESu-MEC que versa sobre as inscri\u00e7\u00f5es para o 2\u00ba Pr\u00eamio Talento Universit\u00e1rio. Of\u00edcio-Circular N\u00b0 1 &#8211; Minist\u00e9rio da Educa\u00e7\u00e3o<\/p>\n","protected":false},"author":334,"featured_media":0,"comment_status":"closed","ping_status":"closed","sticky":false,"template":"","format":"standard","meta":{"_jetpack_memberships_contains_paid_content":false,"footnotes":""},"categories":[18],"tags":[],"class_list":["post-1906","post","type-post","status-publish","format-standard","hentry","category-sem-categoria"],"jetpack_featured_media_url":"","jetpack_sharing_enabled":true,"_links":{"self":[{"href":"https:\/\/wp.ufpel.edu.br\/danca\/wp-json\/wp\/v2\/posts\/1906","targetHints":{"allow":["GET"]}}],"collection":[{"href":"https:\/\/wp.ufpel.edu.br\/danca\/wp-json\/wp\/v2\/posts"}],"about":[{"href":"https:\/\/wp.ufpel.edu.br\/danca\/wp-json\/wp\/v2\/types\/post"}],"author":[{"embeddable":true,"href":"https:\/\/wp.ufpel.edu.br\/danca\/wp-json\/wp\/v2\/users\/334"}],"replies":[{"embeddable":true,"href":"https:\/\/wp.ufpel.edu.br\/danca\/wp-json\/wp\/v2\/comments?post=1906"}],"version-history":[{"count":1,"href":"https:\/\/wp.ufpel.edu.br\/danca\/wp-json\/wp\/v2\/posts\/1906\/revisions"}],"predecessor-version":[{"id":1909,"href":"https:\/\/wp.ufpel.edu.br\/danca\/wp-json\/wp\/v2\/posts\/1906\/revisions\/1909"}],"wp:attachment":[{"href":"https:\/\/wp.ufpel.edu.br\/danca\/wp-json\/wp\/v2\/media?parent=1906"}],"wp:term":[{"taxonomy":"category","embeddable":true,"href":"https:\/\/wp.ufpel.edu.br\/danca\/wp-json\/wp\/v2\/categories?post=1906"},{"taxonomy":"post_tag","embeddable":true,"href":"https:\/\/wp.ufpel.edu.br\/danca\/wp-json\/wp\/v2\/tags?post=1906"}],"curies":[{"name":"wp","href":"https:\/\/api.w.org\/{rel}","templated":true}]}}