{"id":1752,"date":"2021-09-09T15:40:17","date_gmt":"2021-09-09T18:40:17","guid":{"rendered":"https:\/\/wp.ufpel.edu.br\/danca\/?p=1752"},"modified":"2021-09-13T08:35:05","modified_gmt":"2021-09-13T11:35:05","slug":"seminario-do-meio-2021","status":"publish","type":"post","link":"https:\/\/wp.ufpel.edu.br\/danca\/2021\/09\/09\/seminario-do-meio-2021\/","title":{"rendered":"Semin\u00e1rio do Meio 2021"},"content":{"rendered":"<div>\n<p style=\"text-align: center\"><span style=\"color: #000000\"><b>SEMIN\u00c1RIO DO MEIO 2021 \u2013 Abertura e Roda de Conversa<\/b><\/span><\/p>\n<p style=\"text-align: center\"><span style=\"color: #000000\"><b>13 de setembro de 2021 \u2013 18h<\/b><\/span><\/p>\n<p><span style=\"color: #000000\">\u00a0<\/span><\/p>\n<p><span style=\"color: #000000\">Abertura do SEMIN\u00c1RIO DO MEIO 2021 conduzida por integrantes da Comiss\u00e3o de Estudos Integradores do Curso de Dan\u00e7a-Licenciatura da Universidade Federal de Pelotas (UFPEL)<\/span><\/p>\n<p><span style=\"color: #000000\">\u2013 Roda de Conversa \u201cProje\u00e7\u00f5es de Futuro Agora\u201d com as egressas Thuani Ceroni e Rejanete Vieira.<\/span><\/p>\n<p><span style=\"color: #000000\">O Semin\u00e1rio do Meio \u00e9 realizado pela Comiss\u00e3o de Estudos Integradores do Curso de Dan\u00e7a-Licenciatura da Universidade Federal de Pelotas (UFPEL), com o objetivo de instrumentalizar as\/os discentes do Curso de Dan\u00e7a para o encaminhamento da documenta\u00e7\u00e3o referente a Integraliza\u00e7\u00e3o Curricular, necess\u00e1ria \u00e0 forma\u00e7\u00e3o da\/o licenciada\/o em Dan\u00e7a.<\/span><\/p>\n<p><span style=\"color: #000000\">A programa\u00e7\u00e3o do Semin\u00e1rio conta tamb\u00e9m com encontros direcionados \u00a0a apresenta\u00e7\u00e3o dos regulamentos de cada um dos curr\u00edculos (3\/ 4\/ 5), al\u00e9m de tr\u00eas lives com bate-papo com convidadas. No primeiro bate-papo duas egressas do curso de Dan\u00e7a ir\u00e3o apresentar como realizaram a gradua\u00e7\u00e3o projetando o que desejavam para o futuro no mundo do trabalho. No segundo bate-papo a Comiss\u00e3o de Estudos Integradores receber\u00e1 4 professoras da UFPel ligadas \u00e0s coordena\u00e7\u00f5es das C\u00e2meras de Ensino, Pesquisa e Extens\u00e3o do Centro de Artes e a Coordenadora Institucional do PIBID\/UFPel para uma conversa sobre as oportunidades de atividades no \u00e2mbito do Centro de Artes da UFPel.<\/span><\/p>\n<p><span style=\"color: #000000\">No \u00faltimo bate-papo egressas do curso, que atuam como professoras na rede p\u00fablica, conversar\u00e3o sobre as experi\u00eancias vividas no \u00e2mbito da forma\u00e7\u00e3o complementar.<\/span><\/p>\n<p><span style=\"color: #000000\">Na segunda semana de evento, os projetos ligados ao Curso de Dan\u00e7a abrir\u00e3o suas reuni\u00f5es, a\u00e7\u00f5es e atividades para receber visitas dos e das estudantes interessados\/as.<\/span><\/p>\n<p>&nbsp;<\/p>\n<p><span style=\"color: #000000\"><b>PROGRAMA\u00c7\u00c3O<\/b><\/span><\/p>\n<p><span style=\"color: #000000\">13\/09\/2021 \u00e0s 18h \u2013 Abertura e Bate-Papo \u201cProje\u00e7\u00f5es de Futuro Agora\u201d<\/span><\/p>\n<p><span style=\"color: #000000\">LINK:\u00a0<a id=\"m_5764101456587110605m_3345052872057755215gmail-m_-1014502643686160338LPlnk\" style=\"color: #000000\" href=\"https:\/\/youtu.be\/xda8KktVGGw\" target=\"_blank\" rel=\"noopener\" data-saferedirecturl=\"https:\/\/www.google.com\/url?q=https:\/\/youtu.be\/xda8KktVGGw&amp;source=gmail&amp;ust=1631618630243000&amp;usg=AFQjCNEibNOwKlaNbKssVN-NnOkqPZenHQ\">https:\/\/youtu.be\/xda8KktVGGw<\/a><\/span><\/p>\n<p><span style=\"color: #000000\">14\/09\/2021 \u00e0s 18h \u2013 Roda de Conversa de Apresenta\u00e7\u00e3o dos Regramentos Curr\u00edculo 5\u00a0(quem ingressou a partir do ano de 2020)<\/span><\/p>\n<p><span style=\"color: #000000\">LINK:\u00a0<a id=\"m_5764101456587110605m_3345052872057755215gmail-m_-1014502643686160338LPlnk\" style=\"color: #000000\" href=\"https:\/\/webconf.ufpel.edu.br\/b\/tai-ofq-zab-xyn\" target=\"_blank\" rel=\"noopener\" data-saferedirecturl=\"https:\/\/www.google.com\/url?q=https:\/\/webconf.ufpel.edu.br\/b\/tai-ofq-zab-xyn&amp;source=gmail&amp;ust=1631618630243000&amp;usg=AFQjCNFr5XHcTrpB6o0ib_33Za-IRyRXcQ\">https:\/\/webconf.ufpel.edu.br\/b\/tai-ofq-zab-xyn<\/a><\/span><\/p>\n<p><span style=\"color: #000000\">15\/09\/2021 \u00e0s 18h \u2013 Roda de Conversa de Apresenta\u00e7\u00e3o dos Regramentos Curr\u00edculo 4\u00a0(quem ingressou no ano de 2013 ou at\u00e9 2019)<\/span><\/p>\n<p><span style=\"color: #000000\">LINK:\u00a0<a style=\"color: #000000\" href=\"https:\/\/webconf.ufpel.edu.br\/b\/tai-ofq-zab-xyn\" target=\"_blank\" rel=\"noopener\" data-saferedirecturl=\"https:\/\/www.google.com\/url?q=https:\/\/webconf.ufpel.edu.br\/b\/tai-ofq-zab-xyn&amp;source=gmail&amp;ust=1631618630243000&amp;usg=AFQjCNFr5XHcTrpB6o0ib_33Za-IRyRXcQ\">https:\/\/webconf.ufpel.edu.br\/b\/tai-ofq-zab-xyn<\/a><\/span><\/p>\n<p><span style=\"color: #000000\">16\/09\/2021 \u00e0s 18h \u2013 Roda de Conversa de Apresenta\u00e7\u00e3o dos Regramentos\u00a0Curr\u00edculo 3 (quem ingressou antes do ano de 2013)<\/span><\/p>\n<p><span style=\"color: #000000\">LINK:\u00a0<a style=\"color: #000000\" href=\"https:\/\/webconf.ufpel.edu.br\/b\/tai-ofq-zab-xyn\" target=\"_blank\" rel=\"noopener\" data-saferedirecturl=\"https:\/\/www.google.com\/url?q=https:\/\/webconf.ufpel.edu.br\/b\/tai-ofq-zab-xyn&amp;source=gmail&amp;ust=1631618630243000&amp;usg=AFQjCNFr5XHcTrpB6o0ib_33Za-IRyRXcQ\">https:\/\/webconf.ufpel.edu.br\/b\/tai-ofq-zab-xyn<\/a><\/span><\/p>\n<p><span style=\"color: #000000\">17\/09\/2021 \u00e0s 17h \u2013 Bate-Papo \u201cEnsino, Pesquisa e Extens\u00e3o na Forma\u00e7\u00e3o Acad\u00eamica\u201d<\/span><\/p>\n<p><span style=\"color: #000000\">LINK:\u00a0<a style=\"color: #000000\" href=\"https:\/\/youtu.be\/ZaDOhn-3doU\" target=\"_blank\" rel=\"noopener\" data-saferedirecturl=\"https:\/\/www.google.com\/url?q=https:\/\/youtu.be\/ZaDOhn-3doU&amp;source=gmail&amp;ust=1631618630243000&amp;usg=AFQjCNGXy0q3-pTHqhBw8-R9kPTkcBvxow\">https:\/\/youtu.be\/ZaDOhn-3doU<\/a><\/span><\/p>\n<p><span style=\"color: #000000\">24\/09\/2021 \u00e0s 18h \u2013 Live \u201cEnsino, Pesquisa e Extens\u00e3o na Forma\u00e7\u00e3o Docente\u201d<\/span><\/p>\n<p><span style=\"color: #000000\">LINK:\u00a0<a style=\"color: #000000\" href=\"https:\/\/youtu.be\/NVsG1rFFSbk\" target=\"_blank\" rel=\"noopener\" data-saferedirecturl=\"https:\/\/www.google.com\/url?q=https:\/\/youtu.be\/NVsG1rFFSbk&amp;source=gmail&amp;ust=1631618630243000&amp;usg=AFQjCNFskmwiLVvskdLTL07KBFIVRoKAOA\">https:\/\/youtu.be\/NVsG1rFFSbk<\/a>\u00a0<\/span><\/p>\n<p><span style=\"color: #000000\">\u00a0<\/span><\/p>\n<p><span style=\"color: #000000\">Para mais detalhes acesse:\u00a0<b><a style=\"color: #000000\" href=\"https:\/\/linktr.ee\/seminariodomeio\" target=\"_blank\" rel=\"noopener\" data-saferedirecturl=\"https:\/\/www.google.com\/url?q=https:\/\/linktr.ee\/seminariodomeio&amp;source=gmail&amp;ust=1631618630243000&amp;usg=AFQjCNEgFV2IullNltNMJZokJwPAOvarqA\">https:\/\/linktr.ee\/seminariodomeio<\/a><\/b><\/span><\/p>\n<\/div>\n<div class=\"yj6qo\"><\/div>\n<p style=\"text-align: justify\"><b>*Haver\u00e1 certifica\u00e7\u00e3o para as\/os participantes.<\/b><\/p>\n<div><\/div>\n<div><\/div>\n<div><a href=\"https:\/\/wp.ufpel.edu.br\/danca\/files\/2021\/09\/seminario-do-meio.jpg\"><img class=\"aligncenter size-large wp-image-1754\" src=\"https:\/\/wp.ufpel.edu.br\/danca\/files\/2021\/09\/seminario-do-meio-1024x576.jpg\" alt=\"\" width=\"1024\" height=\"576\" srcset=\"https:\/\/wp.ufpel.edu.br\/danca\/files\/2021\/09\/seminario-do-meio-1024x576.jpg 1024w, https:\/\/wp.ufpel.edu.br\/danca\/files\/2021\/09\/seminario-do-meio-400x225.jpg 400w, https:\/\/wp.ufpel.edu.br\/danca\/files\/2021\/09\/seminario-do-meio-768x432.jpg 768w, https:\/\/wp.ufpel.edu.br\/danca\/files\/2021\/09\/seminario-do-meio.jpg 1280w\" sizes=\"(max-width: 1024px) 100vw, 1024px\" \/><\/a><\/div>\n","protected":false},"excerpt":{"rendered":"<p>SEMIN\u00c1RIO DO MEIO 2021 \u2013 Abertura e Roda de Conversa 13 de setembro de 2021 \u2013 18h \u00a0 Abertura do SEMIN\u00c1RIO DO MEIO 2021 conduzida por integrantes da Comiss\u00e3o de Estudos Integradores do Curso de Dan\u00e7a-Licenciatura da Universidade Federal de Pelotas (UFPEL) \u2013 Roda de Conversa \u201cProje\u00e7\u00f5es de Futuro Agora\u201d com as egressas Thuani Ceroni [&hellip;]<\/p>\n","protected":false},"author":334,"featured_media":0,"comment_status":"closed","ping_status":"closed","sticky":false,"template":"","format":"standard","meta":{"_jetpack_memberships_contains_paid_content":false,"footnotes":""},"categories":[18],"tags":[],"class_list":["post-1752","post","type-post","status-publish","format-standard","hentry","category-sem-categoria"],"jetpack_featured_media_url":"","jetpack_sharing_enabled":true,"_links":{"self":[{"href":"https:\/\/wp.ufpel.edu.br\/danca\/wp-json\/wp\/v2\/posts\/1752","targetHints":{"allow":["GET"]}}],"collection":[{"href":"https:\/\/wp.ufpel.edu.br\/danca\/wp-json\/wp\/v2\/posts"}],"about":[{"href":"https:\/\/wp.ufpel.edu.br\/danca\/wp-json\/wp\/v2\/types\/post"}],"author":[{"embeddable":true,"href":"https:\/\/wp.ufpel.edu.br\/danca\/wp-json\/wp\/v2\/users\/334"}],"replies":[{"embeddable":true,"href":"https:\/\/wp.ufpel.edu.br\/danca\/wp-json\/wp\/v2\/comments?post=1752"}],"version-history":[{"count":5,"href":"https:\/\/wp.ufpel.edu.br\/danca\/wp-json\/wp\/v2\/posts\/1752\/revisions"}],"predecessor-version":[{"id":1763,"href":"https:\/\/wp.ufpel.edu.br\/danca\/wp-json\/wp\/v2\/posts\/1752\/revisions\/1763"}],"wp:attachment":[{"href":"https:\/\/wp.ufpel.edu.br\/danca\/wp-json\/wp\/v2\/media?parent=1752"}],"wp:term":[{"taxonomy":"category","embeddable":true,"href":"https:\/\/wp.ufpel.edu.br\/danca\/wp-json\/wp\/v2\/categories?post=1752"},{"taxonomy":"post_tag","embeddable":true,"href":"https:\/\/wp.ufpel.edu.br\/danca\/wp-json\/wp\/v2\/tags?post=1752"}],"curies":[{"name":"wp","href":"https:\/\/api.w.org\/{rel}","templated":true}]}}