{"id":1361,"date":"2020-09-08T15:28:03","date_gmt":"2020-09-08T18:28:03","guid":{"rendered":"https:\/\/wp.ufpel.edu.br\/danca\/?p=1361"},"modified":"2020-09-08T15:31:29","modified_gmt":"2020-09-08T18:31:29","slug":"1361","status":"publish","type":"post","link":"https:\/\/wp.ufpel.edu.br\/danca\/2020\/09\/08\/1361\/","title":{"rendered":"Formul\u00e1rio &#8211; Consulta sobre as ofertas para o pr\u00f3ximo calend\u00e1rio out-dez\/2020"},"content":{"rendered":"<div class=\"kvgmc6g5 cxmmr5t8 oygrvhab hcukyx3x c1et5uql ii04i59q\">\n<p dir=\"auto\"><strong>Prezadxs alunxs do Curso de Dan\u00e7a-Licenciatura!<\/strong><\/p>\n<p dir=\"auto\">\n<\/div>\n<div dir=\"auto\">Desejamos que estejam bem de sa\u00fade e que tenham conseguido, dentro do poss\u00edvel de cada um\/a, acompanhar os movimentos do semestre emergencial alternativo.<\/div>\n<div dir=\"auto\">No link abaixo, apresentamos a listagem com algumas possibilidades de ofertas de componentes curriculares, considerados poss\u00edveis de serem ofertados em formato remoto. Gostar\u00edamos de contar com a manifesta\u00e7\u00e3o de todos sobre interesse em cursarem estas ofertas no pr\u00f3ximo semestre de outubro a dezembro de 2020.<\/div>\n<div dir=\"auto\">Contamos com a devolu\u00e7\u00e3o do formul\u00e1rio <strong>respondido at\u00e9 o dia 10 de setembro<\/strong>, para que possamos consolidar nossas ofertas.<\/div>\n<div dir=\"auto\">Desde j\u00e1 agradecemos o apoio do melhor corpo discente da UFPel!!!<\/div>\n<div dir=\"auto\"><\/div>\n<div dir=\"auto\">Link do formul\u00e1rio: <a class=\"oajrlxb2 g5ia77u1 qu0x051f esr5mh6w e9989ue4 r7d6kgcz rq0escxv nhd2j8a9 nc684nl6 p7hjln8o kvgmc6g5 cxmmr5t8 oygrvhab hcukyx3x jb3vyjys rz4wbd8a qt6c0cv9 a8nywdso i1ao9s8h esuyzwwr f1sip0of lzcic4wl py34i1dx gpro0wi8\" role=\"link\" href=\"https:\/\/forms.gle\/GPQ4Y5C3fEUApcYV7?fbclid=IwAR0DDbIlEj2F1XtcIHsBxkV8kgFBouocHN8HW0AvTL_h6ml4U6YpohdtbbU\" target=\"_blank\" rel=\"nofollow noopener noreferrer\">https:\/\/forms.gle\/GPQ4Y5C3fEUApcYV7<\/a><\/div>\n<div class=\"o9v6fnle cxmmr5t8 oygrvhab hcukyx3x c1et5uql ii04i59q\">\n<p dir=\"auto\">Atenciosamente,<\/p>\n<p dir=\"auto\">Coordena\u00e7\u00e3o do Curso de Dan\u00e7a &#8211; Licenciatura.<\/p>\n<\/div>\n","protected":false},"excerpt":{"rendered":"<p>Prezadxs alunxs do Curso de Dan\u00e7a-Licenciatura! Desejamos que estejam bem de sa\u00fade e que tenham conseguido, dentro do poss\u00edvel de cada um\/a, acompanhar os movimentos do semestre emergencial alternativo. No link abaixo, apresentamos a listagem com algumas possibilidades de ofertas de componentes curriculares, considerados poss\u00edveis de serem ofertados em formato remoto. Gostar\u00edamos de contar com [&hellip;]<\/p>\n","protected":false},"author":334,"featured_media":0,"comment_status":"closed","ping_status":"closed","sticky":false,"template":"","format":"standard","meta":{"_jetpack_memberships_contains_paid_content":false,"footnotes":""},"categories":[18],"tags":[],"class_list":["post-1361","post","type-post","status-publish","format-standard","hentry","category-sem-categoria"],"jetpack_featured_media_url":"","jetpack_sharing_enabled":true,"_links":{"self":[{"href":"https:\/\/wp.ufpel.edu.br\/danca\/wp-json\/wp\/v2\/posts\/1361","targetHints":{"allow":["GET"]}}],"collection":[{"href":"https:\/\/wp.ufpel.edu.br\/danca\/wp-json\/wp\/v2\/posts"}],"about":[{"href":"https:\/\/wp.ufpel.edu.br\/danca\/wp-json\/wp\/v2\/types\/post"}],"author":[{"embeddable":true,"href":"https:\/\/wp.ufpel.edu.br\/danca\/wp-json\/wp\/v2\/users\/334"}],"replies":[{"embeddable":true,"href":"https:\/\/wp.ufpel.edu.br\/danca\/wp-json\/wp\/v2\/comments?post=1361"}],"version-history":[{"count":3,"href":"https:\/\/wp.ufpel.edu.br\/danca\/wp-json\/wp\/v2\/posts\/1361\/revisions"}],"predecessor-version":[{"id":1365,"href":"https:\/\/wp.ufpel.edu.br\/danca\/wp-json\/wp\/v2\/posts\/1361\/revisions\/1365"}],"wp:attachment":[{"href":"https:\/\/wp.ufpel.edu.br\/danca\/wp-json\/wp\/v2\/media?parent=1361"}],"wp:term":[{"taxonomy":"category","embeddable":true,"href":"https:\/\/wp.ufpel.edu.br\/danca\/wp-json\/wp\/v2\/categories?post=1361"},{"taxonomy":"post_tag","embeddable":true,"href":"https:\/\/wp.ufpel.edu.br\/danca\/wp-json\/wp\/v2\/tags?post=1361"}],"curies":[{"name":"wp","href":"https:\/\/api.w.org\/{rel}","templated":true}]}}