{"id":134,"date":"2014-04-07T14:11:07","date_gmt":"2014-04-07T17:11:07","guid":{"rendered":"https:\/\/wp.ufpel.edu.br\/danca\/?p=134"},"modified":"2014-04-07T14:11:07","modified_gmt":"2014-04-07T17:11:07","slug":"selecao-para-bolsistas-probec-e-permanencia","status":"publish","type":"post","link":"https:\/\/wp.ufpel.edu.br\/danca\/2014\/04\/07\/selecao-para-bolsistas-probec-e-permanencia\/","title":{"rendered":"Sele\u00e7\u00e3o para Bolsistas PROBEC e Perman\u00eancia"},"content":{"rendered":"<p>&#8220;A Pr\u00f3-Reitoria de Extens\u00e3o e Cultura, de acordo com os resultados dos Editais n\u00ba 01\/2014 e 02\/2014 do Programa de Bolsas de Extens\u00e3o e Cultura \u2013 PROBEC\/Demanda Anual, torna p\u00fablico que est\u00e3o abertas as inscri\u00e7\u00f5es para sele\u00e7\u00e3o de bolsistas PROBEC e Perman\u00eancia . Confira no arquivo <a href=\"https:\/\/wp.ufpel.edu.br\/danca\/files\/2014\/04\/EDITAL-UNIFICADO.pdf\">EDITAL UNIFICADO<\/a>.&#8221;<\/p>\n<h5>(Fonte: <a href=\"http:\/\/www.ufpel.edu.br\">http:\/\/www.ufpel.edu.br<\/a>)<\/h5>\n","protected":false},"excerpt":{"rendered":"<p>&#8220;A Pr\u00f3-Reitoria de Extens\u00e3o e Cultura, de acordo com os resultados dos Editais n\u00ba 01\/2014 e 02\/2014 do Programa de Bolsas de Extens\u00e3o e Cultura \u2013 PROBEC\/Demanda Anual, torna p\u00fablico que est\u00e3o abertas as inscri\u00e7\u00f5es para sele\u00e7\u00e3o de bolsistas PROBEC e Perman\u00eancia . Confira no arquivo EDITAL UNIFICADO.&#8221; (Fonte: http:\/\/www.ufpel.edu.br)<\/p>\n","protected":false},"author":334,"featured_media":0,"comment_status":"closed","ping_status":"closed","sticky":false,"template":"","format":"standard","meta":{"_jetpack_memberships_contains_paid_content":false,"footnotes":""},"categories":[18],"tags":[],"class_list":["post-134","post","type-post","status-publish","format-standard","hentry","category-sem-categoria"],"jetpack_featured_media_url":"","jetpack_sharing_enabled":true,"_links":{"self":[{"href":"https:\/\/wp.ufpel.edu.br\/danca\/wp-json\/wp\/v2\/posts\/134","targetHints":{"allow":["GET"]}}],"collection":[{"href":"https:\/\/wp.ufpel.edu.br\/danca\/wp-json\/wp\/v2\/posts"}],"about":[{"href":"https:\/\/wp.ufpel.edu.br\/danca\/wp-json\/wp\/v2\/types\/post"}],"author":[{"embeddable":true,"href":"https:\/\/wp.ufpel.edu.br\/danca\/wp-json\/wp\/v2\/users\/334"}],"replies":[{"embeddable":true,"href":"https:\/\/wp.ufpel.edu.br\/danca\/wp-json\/wp\/v2\/comments?post=134"}],"version-history":[{"count":1,"href":"https:\/\/wp.ufpel.edu.br\/danca\/wp-json\/wp\/v2\/posts\/134\/revisions"}],"predecessor-version":[{"id":136,"href":"https:\/\/wp.ufpel.edu.br\/danca\/wp-json\/wp\/v2\/posts\/134\/revisions\/136"}],"wp:attachment":[{"href":"https:\/\/wp.ufpel.edu.br\/danca\/wp-json\/wp\/v2\/media?parent=134"}],"wp:term":[{"taxonomy":"category","embeddable":true,"href":"https:\/\/wp.ufpel.edu.br\/danca\/wp-json\/wp\/v2\/categories?post=134"},{"taxonomy":"post_tag","embeddable":true,"href":"https:\/\/wp.ufpel.edu.br\/danca\/wp-json\/wp\/v2\/tags?post=134"}],"curies":[{"name":"wp","href":"https:\/\/api.w.org\/{rel}","templated":true}]}}