{"id":1029,"date":"2019-08-27T08:33:51","date_gmt":"2019-08-27T11:33:51","guid":{"rendered":"https:\/\/wp.ufpel.edu.br\/danca\/?p=1029"},"modified":"2019-08-27T08:33:51","modified_gmt":"2019-08-27T11:33:51","slug":"material-arquitetonico-predio-novo-teatro-e-danca","status":"publish","type":"post","link":"https:\/\/wp.ufpel.edu.br\/danca\/2019\/08\/27\/material-arquitetonico-predio-novo-teatro-e-danca\/","title":{"rendered":"Material Arquitet\u00f4nico &#8211; Pr\u00e9dio Novo Teatro e Dan\u00e7a"},"content":{"rendered":"<p>Voc\u00ea j\u00e1 sabe como vai ficar o novo pr\u00e9dio dos Cursos de Dan\u00e7a e Teatro?<\/p>\n<p>J\u00e1 teve acesso ao projeto e \u00e0s plantas? Ainda n\u00e3o?<\/p>\n<p>Acesse <a href=\"https:\/\/wp.ufpel.edu.br\/danca\/files\/2019\/08\/TD-APRESENTACAO.pdf\">aqui<\/a> e <a href=\"https:\/\/wp.ufpel.edu.br\/danca\/files\/2019\/08\/TD-PRANCHAS.pdf\">aqui<\/a>!!!!<\/p>\n","protected":false},"excerpt":{"rendered":"<p>Voc\u00ea j\u00e1 sabe como vai ficar o novo pr\u00e9dio dos Cursos de Dan\u00e7a e Teatro? J\u00e1 teve acesso ao projeto e \u00e0s plantas? Ainda n\u00e3o? Acesse aqui e aqui!!!!<\/p>\n","protected":false},"author":334,"featured_media":0,"comment_status":"closed","ping_status":"closed","sticky":false,"template":"","format":"standard","meta":{"_jetpack_memberships_contains_paid_content":false,"footnotes":""},"categories":[18],"tags":[],"class_list":["post-1029","post","type-post","status-publish","format-standard","hentry","category-sem-categoria"],"jetpack_featured_media_url":"","jetpack_sharing_enabled":true,"_links":{"self":[{"href":"https:\/\/wp.ufpel.edu.br\/danca\/wp-json\/wp\/v2\/posts\/1029","targetHints":{"allow":["GET"]}}],"collection":[{"href":"https:\/\/wp.ufpel.edu.br\/danca\/wp-json\/wp\/v2\/posts"}],"about":[{"href":"https:\/\/wp.ufpel.edu.br\/danca\/wp-json\/wp\/v2\/types\/post"}],"author":[{"embeddable":true,"href":"https:\/\/wp.ufpel.edu.br\/danca\/wp-json\/wp\/v2\/users\/334"}],"replies":[{"embeddable":true,"href":"https:\/\/wp.ufpel.edu.br\/danca\/wp-json\/wp\/v2\/comments?post=1029"}],"version-history":[{"count":1,"href":"https:\/\/wp.ufpel.edu.br\/danca\/wp-json\/wp\/v2\/posts\/1029\/revisions"}],"predecessor-version":[{"id":1033,"href":"https:\/\/wp.ufpel.edu.br\/danca\/wp-json\/wp\/v2\/posts\/1029\/revisions\/1033"}],"wp:attachment":[{"href":"https:\/\/wp.ufpel.edu.br\/danca\/wp-json\/wp\/v2\/media?parent=1029"}],"wp:term":[{"taxonomy":"category","embeddable":true,"href":"https:\/\/wp.ufpel.edu.br\/danca\/wp-json\/wp\/v2\/categories?post=1029"},{"taxonomy":"post_tag","embeddable":true,"href":"https:\/\/wp.ufpel.edu.br\/danca\/wp-json\/wp\/v2\/tags?post=1029"}],"curies":[{"name":"wp","href":"https:\/\/api.w.org\/{rel}","templated":true}]}}