{"id":1106,"date":"2025-03-16T22:44:16","date_gmt":"2025-03-17T01:44:16","guid":{"rendered":"https:\/\/wp.ufpel.edu.br\/daka\/?p=1106"},"modified":"2025-03-16T22:44:16","modified_gmt":"2025-03-17T01:44:16","slug":"%f0%9f%93%a2-comunicado-biotech-fair-2025","status":"publish","type":"post","link":"https:\/\/wp.ufpel.edu.br\/daka\/2025\/03\/16\/%f0%9f%93%a2-comunicado-biotech-fair-2025\/","title":{"rendered":"\ud83d\udce2 Comunicado BIOTECH FAIR 2025"},"content":{"rendered":"<p><img data-recalc-dims=\"1\" data-attachment-id=\"1108\" data-permalink=\"https:\/\/wp.ufpel.edu.br\/daka\/2025\/03\/16\/%f0%9f%93%a2-comunicado-biotech-fair-2025\/congresso\/\" data-orig-file=\"https:\/\/i0.wp.com\/wp.ufpel.edu.br\/daka\/files\/2025\/03\/congresso.jpg?fit=1080%2C1080&amp;ssl=1\" data-orig-size=\"1080,1080\" data-comments-opened=\"0\" data-image-meta=\"{&quot;aperture&quot;:&quot;0&quot;,&quot;credit&quot;:&quot;&quot;,&quot;camera&quot;:&quot;&quot;,&quot;caption&quot;:&quot;&quot;,&quot;created_timestamp&quot;:&quot;0&quot;,&quot;copyright&quot;:&quot;&quot;,&quot;focal_length&quot;:&quot;0&quot;,&quot;iso&quot;:&quot;0&quot;,&quot;shutter_speed&quot;:&quot;0&quot;,&quot;title&quot;:&quot;&quot;,&quot;orientation&quot;:&quot;1&quot;}\" data-image-title=\"congresso\" data-image-description=\"\" data-image-caption=\"\" data-medium-file=\"https:\/\/i0.wp.com\/wp.ufpel.edu.br\/daka\/files\/2025\/03\/congresso.jpg?fit=400%2C400&amp;ssl=1\" data-large-file=\"https:\/\/i0.wp.com\/wp.ufpel.edu.br\/daka\/files\/2025\/03\/congresso.jpg?fit=1024%2C1024&amp;ssl=1\" class=\"aligncenter size-full wp-image-1108\" src=\"https:\/\/i0.wp.com\/wp.ufpel.edu.br\/daka\/files\/2025\/03\/congresso.jpg?resize=1080%2C1080&#038;ssl=1\" alt=\"\" width=\"1080\" height=\"1080\" srcset=\"https:\/\/i0.wp.com\/wp.ufpel.edu.br\/daka\/files\/2025\/03\/congresso.jpg?w=1080&amp;ssl=1 1080w, https:\/\/i0.wp.com\/wp.ufpel.edu.br\/daka\/files\/2025\/03\/congresso.jpg?resize=400%2C400&amp;ssl=1 400w, https:\/\/i0.wp.com\/wp.ufpel.edu.br\/daka\/files\/2025\/03\/congresso.jpg?resize=1024%2C1024&amp;ssl=1 1024w, https:\/\/i0.wp.com\/wp.ufpel.edu.br\/daka\/files\/2025\/03\/congresso.jpg?resize=200%2C200&amp;ssl=1 200w, https:\/\/i0.wp.com\/wp.ufpel.edu.br\/daka\/files\/2025\/03\/congresso.jpg?resize=768%2C768&amp;ssl=1 768w\" sizes=\"(max-width: 1000px) 100vw, 1000px\" \/><\/p>\n<p>Infelizmente, informamos que a visita t\u00e9cnica \u00e0 BIOTECH FAIR 2025, prevista para ocorrer entre os dias 26 e 28 de mar\u00e7o, foi cancelada devido \u00e0 indisponibilidade de transporte pelo N\u00facleo de Transportes da UFPEL.<\/p>\n<p>Agradecemos imensamente o interesse e a colabora\u00e7\u00e3o de todos que estavam engajados em participar dessa atividade conosco. Entendemos a import\u00e2ncia de eventos como este para o desenvolvimento acad\u00eamico e profissional, e lamentamos por qualquer inconveniente causado.<\/p>\n<p>Apesar desse contratempo, reafirmamos nosso compromisso em proporcionar novas oportunidades de aprendizado e crescimento. Fiquem atentos, pois em breve traremos mais iniciativas e eventos para voc\u00eas!<\/p>\n<p>Seguimos juntos nessa jornada. \ud83d\udcaa<\/p>\n","protected":false},"excerpt":{"rendered":"<p>Infelizmente, informamos que a visita t\u00e9cnica \u00e0 BIOTECH FAIR 2025, prevista para ocorrer entre os dias 26 e 28 de mar\u00e7o, foi cancelada devido \u00e0 indisponibilidade de transporte pelo N\u00facleo de Transportes da UFPEL. Agradecemos imensamente o interesse e a colabora\u00e7\u00e3o de todos que estavam engajados em participar dessa atividade conosco. Entendemos a import\u00e2ncia de [&hellip;]<\/p>\n","protected":false},"author":676,"featured_media":0,"comment_status":"closed","ping_status":"closed","sticky":false,"template":"","format":"standard","meta":{"jetpack_post_was_ever_published":false,"_jetpack_newsletter_access":"","_jetpack_dont_email_post_to_subs":false,"_jetpack_newsletter_tier_id":0,"_jetpack_memberships_contains_paywalled_content":false,"_jetpack_memberships_contains_paid_content":false,"footnotes":"","jetpack_publicize_message":"","jetpack_publicize_feature_enabled":true,"jetpack_social_post_already_shared":true,"jetpack_social_options":{"image_generator_settings":{"template":"highway","default_image_id":0,"font":"","enabled":false},"version":2}},"categories":[1],"tags":[],"class_list":["post-1106","post","type-post","status-publish","format-standard","hentry","category-noticias"],"jetpack_publicize_connections":[],"jetpack_featured_media_url":"","jetpack_sharing_enabled":true,"jetpack_shortlink":"https:\/\/wp.me\/p9eqIu-hQ","jetpack_likes_enabled":true,"jetpack-related-posts":[],"_links":{"self":[{"href":"https:\/\/wp.ufpel.edu.br\/daka\/wp-json\/wp\/v2\/posts\/1106","targetHints":{"allow":["GET"]}}],"collection":[{"href":"https:\/\/wp.ufpel.edu.br\/daka\/wp-json\/wp\/v2\/posts"}],"about":[{"href":"https:\/\/wp.ufpel.edu.br\/daka\/wp-json\/wp\/v2\/types\/post"}],"author":[{"embeddable":true,"href":"https:\/\/wp.ufpel.edu.br\/daka\/wp-json\/wp\/v2\/users\/676"}],"replies":[{"embeddable":true,"href":"https:\/\/wp.ufpel.edu.br\/daka\/wp-json\/wp\/v2\/comments?post=1106"}],"version-history":[{"count":1,"href":"https:\/\/wp.ufpel.edu.br\/daka\/wp-json\/wp\/v2\/posts\/1106\/revisions"}],"predecessor-version":[{"id":1109,"href":"https:\/\/wp.ufpel.edu.br\/daka\/wp-json\/wp\/v2\/posts\/1106\/revisions\/1109"}],"wp:attachment":[{"href":"https:\/\/wp.ufpel.edu.br\/daka\/wp-json\/wp\/v2\/media?parent=1106"}],"wp:term":[{"taxonomy":"category","embeddable":true,"href":"https:\/\/wp.ufpel.edu.br\/daka\/wp-json\/wp\/v2\/categories?post=1106"},{"taxonomy":"post_tag","embeddable":true,"href":"https:\/\/wp.ufpel.edu.br\/daka\/wp-json\/wp\/v2\/tags?post=1106"}],"curies":[{"name":"wp","href":"https:\/\/api.w.org\/{rel}","templated":true}]}}