{"id":1020,"date":"2024-09-16T09:47:17","date_gmt":"2024-09-16T12:47:17","guid":{"rendered":"https:\/\/wp.ufpel.edu.br\/daka\/?p=1020"},"modified":"2024-09-16T09:47:17","modified_gmt":"2024-09-16T12:47:17","slug":"setembro-amarelo-2024","status":"publish","type":"post","link":"https:\/\/wp.ufpel.edu.br\/daka\/2024\/09\/16\/setembro-amarelo-2024\/","title":{"rendered":"Setembro Amarelo 2024"},"content":{"rendered":"<p><img data-recalc-dims=\"1\" data-attachment-id=\"1022\" data-permalink=\"https:\/\/wp.ufpel.edu.br\/daka\/2024\/09\/16\/setembro-amarelo-2024\/whatsapp-image-2024-09-16-at-09-21-57\/\" data-orig-file=\"https:\/\/i0.wp.com\/wp.ufpel.edu.br\/daka\/files\/2024\/09\/WhatsApp-Image-2024-09-16-at-09.21.57.jpeg?fit=829%2C829&amp;ssl=1\" data-orig-size=\"829,829\" data-comments-opened=\"0\" data-image-meta=\"{&quot;aperture&quot;:&quot;0&quot;,&quot;credit&quot;:&quot;&quot;,&quot;camera&quot;:&quot;&quot;,&quot;caption&quot;:&quot;&quot;,&quot;created_timestamp&quot;:&quot;0&quot;,&quot;copyright&quot;:&quot;&quot;,&quot;focal_length&quot;:&quot;0&quot;,&quot;iso&quot;:&quot;0&quot;,&quot;shutter_speed&quot;:&quot;0&quot;,&quot;title&quot;:&quot;&quot;,&quot;orientation&quot;:&quot;0&quot;}\" data-image-title=\"Setembro amarelo 2024\" data-image-description=\"\" data-image-caption=\"\" data-medium-file=\"https:\/\/i0.wp.com\/wp.ufpel.edu.br\/daka\/files\/2024\/09\/WhatsApp-Image-2024-09-16-at-09.21.57.jpeg?fit=400%2C400&amp;ssl=1\" data-large-file=\"https:\/\/i0.wp.com\/wp.ufpel.edu.br\/daka\/files\/2024\/09\/WhatsApp-Image-2024-09-16-at-09.21.57.jpeg?fit=829%2C829&amp;ssl=1\" class=\"aligncenter size-full wp-image-1022\" src=\"https:\/\/i0.wp.com\/wp.ufpel.edu.br\/daka\/files\/2024\/09\/WhatsApp-Image-2024-09-16-at-09.21.57.jpeg?resize=829%2C829&#038;ssl=1\" alt=\"\" width=\"829\" height=\"829\" srcset=\"https:\/\/i0.wp.com\/wp.ufpel.edu.br\/daka\/files\/2024\/09\/WhatsApp-Image-2024-09-16-at-09.21.57.jpeg?w=829&amp;ssl=1 829w, https:\/\/i0.wp.com\/wp.ufpel.edu.br\/daka\/files\/2024\/09\/WhatsApp-Image-2024-09-16-at-09.21.57.jpeg?resize=400%2C400&amp;ssl=1 400w, https:\/\/i0.wp.com\/wp.ufpel.edu.br\/daka\/files\/2024\/09\/WhatsApp-Image-2024-09-16-at-09.21.57.jpeg?resize=200%2C200&amp;ssl=1 200w, https:\/\/i0.wp.com\/wp.ufpel.edu.br\/daka\/files\/2024\/09\/WhatsApp-Image-2024-09-16-at-09.21.57.jpeg?resize=768%2C768&amp;ssl=1 768w\" sizes=\"(max-width: 829px) 100vw, 829px\" \/><\/p>\n<p>\ud83c\udf1f Setembro Amarelo \ud83c\udf1f<\/p>\n<p>N\u00f3s, do DAKA, temos o prazer de anunciar o evento \u201cSetembro Amarelo\u201d, um encontro dedicado ao apoio \u00e0 sa\u00fade mental e ao bem-estar dos estudantes.<\/p>\n<p>\ud83d\udcc5 Data: 24\/09<br \/>\n\ud83d\udccd Local: Audit\u00f3rio do Campus II &#8211; Rua Almirante Barroso, 1202 &#8211; Centro<br \/>\n\u23f0 Hor\u00e1rio: 14:00 \u00e0s 18:00<\/p>\n<p>Vamos oferecer um espa\u00e7o acolhedor com palestras inspiradoras e a oportunidade de conversar com profissionais da psicologia. Este evento \u00e9 uma chance para aprender, compartilhar e encontrar apoio. Venha se conectar e fortalecer sua sa\u00fade mental conosco! \ud83d\udc9b<\/p>\n<p><a href=\"https:\/\/forms.gle\/CUQeeWw5Zy8BvViq9\">Link para inscri\u00e7\u00e3o!<\/a><\/p>\n<p>&nbsp;<\/p>\n","protected":false},"excerpt":{"rendered":"<p>\ud83c\udf1f Setembro Amarelo \ud83c\udf1f N\u00f3s, do DAKA, temos o prazer de anunciar o evento \u201cSetembro Amarelo\u201d, um encontro dedicado ao apoio \u00e0 sa\u00fade mental e ao bem-estar dos estudantes. \ud83d\udcc5 Data: 24\/09 \ud83d\udccd Local: Audit\u00f3rio do Campus II &#8211; Rua Almirante Barroso, 1202 &#8211; Centro \u23f0 Hor\u00e1rio: 14:00 \u00e0s 18:00 Vamos oferecer um espa\u00e7o acolhedor [&hellip;]<\/p>\n","protected":false},"author":676,"featured_media":1022,"comment_status":"closed","ping_status":"closed","sticky":false,"template":"","format":"standard","meta":{"jetpack_post_was_ever_published":false,"_jetpack_newsletter_access":"","_jetpack_dont_email_post_to_subs":false,"_jetpack_newsletter_tier_id":0,"_jetpack_memberships_contains_paywalled_content":false,"_jetpack_memberships_contains_paid_content":false,"footnotes":"","jetpack_publicize_message":"","jetpack_publicize_feature_enabled":true,"jetpack_social_post_already_shared":true,"jetpack_social_options":{"image_generator_settings":{"template":"highway","default_image_id":0,"font":"","enabled":false},"version":2}},"categories":[1],"tags":[],"class_list":["post-1020","post","type-post","status-publish","format-standard","has-post-thumbnail","hentry","category-noticias"],"jetpack_publicize_connections":[],"jetpack_featured_media_url":"https:\/\/i0.wp.com\/wp.ufpel.edu.br\/daka\/files\/2024\/09\/WhatsApp-Image-2024-09-16-at-09.21.57.jpeg?fit=829%2C829&ssl=1","jetpack_sharing_enabled":true,"jetpack_shortlink":"https:\/\/wp.me\/p9eqIu-gs","jetpack_likes_enabled":true,"jetpack-related-posts":[],"_links":{"self":[{"href":"https:\/\/wp.ufpel.edu.br\/daka\/wp-json\/wp\/v2\/posts\/1020","targetHints":{"allow":["GET"]}}],"collection":[{"href":"https:\/\/wp.ufpel.edu.br\/daka\/wp-json\/wp\/v2\/posts"}],"about":[{"href":"https:\/\/wp.ufpel.edu.br\/daka\/wp-json\/wp\/v2\/types\/post"}],"author":[{"embeddable":true,"href":"https:\/\/wp.ufpel.edu.br\/daka\/wp-json\/wp\/v2\/users\/676"}],"replies":[{"embeddable":true,"href":"https:\/\/wp.ufpel.edu.br\/daka\/wp-json\/wp\/v2\/comments?post=1020"}],"version-history":[{"count":1,"href":"https:\/\/wp.ufpel.edu.br\/daka\/wp-json\/wp\/v2\/posts\/1020\/revisions"}],"predecessor-version":[{"id":1023,"href":"https:\/\/wp.ufpel.edu.br\/daka\/wp-json\/wp\/v2\/posts\/1020\/revisions\/1023"}],"wp:featuredmedia":[{"embeddable":true,"href":"https:\/\/wp.ufpel.edu.br\/daka\/wp-json\/wp\/v2\/media\/1022"}],"wp:attachment":[{"href":"https:\/\/wp.ufpel.edu.br\/daka\/wp-json\/wp\/v2\/media?parent=1020"}],"wp:term":[{"taxonomy":"category","embeddable":true,"href":"https:\/\/wp.ufpel.edu.br\/daka\/wp-json\/wp\/v2\/categories?post=1020"},{"taxonomy":"post_tag","embeddable":true,"href":"https:\/\/wp.ufpel.edu.br\/daka\/wp-json\/wp\/v2\/tags?post=1020"}],"curies":[{"name":"wp","href":"https:\/\/api.w.org\/{rel}","templated":true}]}}