{"id":94,"date":"2019-02-28T08:18:50","date_gmt":"2019-02-28T11:18:50","guid":{"rendered":"https:\/\/wp.ufpel.edu.br\/dai\/?p=94"},"modified":"2019-02-28T08:51:29","modified_gmt":"2019-02-28T11:51:29","slug":"workshop-abordara-a-redacao-de-patentes-com-oficinas-praticas","status":"publish","type":"post","link":"https:\/\/wp.ufpel.edu.br\/dai\/2019\/02\/28\/workshop-abordara-a-redacao-de-patentes-com-oficinas-praticas\/","title":{"rendered":"Workshop abordar\u00e1 a Reda\u00e7\u00e3o de Patentes, com oficinas pr\u00e1ticas"},"content":{"rendered":"<p style=\"text-align: left\"><img loading=\"lazy\" decoding=\"async\" class=\"alignnone size-full wp-image-96 alignright\" src=\"https:\/\/wp.ufpel.edu.br\/dai\/files\/2019\/02\/images.jpg\" alt=\"\" width=\"197\" height=\"255\" \/>A UFPel sediar\u00e1, nos dias 8 e 9 de abril, das 8h30min \u00e0s 16h30min, no audit\u00f3rio da Reitoria, no Campus Anglo, o Workshop Reda\u00e7\u00e3o de Patentes, Al\u00e9m dos Guias + Oficinas Pr\u00e1ticas. A Universidade, atrav\u00e9s da Coordena\u00e7\u00e3o de Inova\u00e7\u00e3o Tecnol\u00f3gica (CIT), da Pr\u00f3-reitoria de Pesquisa e P\u00f3s-Gradua\u00e7\u00e3o (PRPPG), \u00e9 uma das institui\u00e7\u00f5es que est\u00e1 promovendo o evento.<\/p>\n<p style=\"text-align: left\">Com 12 horas de dura\u00e7\u00e3o, o Workshop tem como objetivo capacitar os participantes a darem primeiros passos na reda\u00e7\u00e3o de patentes, incluindo a realiza\u00e7\u00e3o de buscas, identifica\u00e7\u00e3o e leitura de documentos relacionados, defini\u00e7\u00e3o do escopo da inven\u00e7\u00e3o, decis\u00e3o sobre formas de prote\u00e7\u00e3o, elabora\u00e7\u00e3o de quadros reivindicat\u00f3rios e relat\u00f3rios descritivos.<\/p>\n<p style=\"text-align: left\">O primeiro dia ser\u00e1 reservado para revis\u00e3o de aspectos conceituais sobre patentes e seu impacto na estrat\u00e9gica de reda\u00e7\u00e3o e de tramita\u00e7\u00e3o. No segundo dia, ser\u00e3o realizadas atividades pr\u00e1ticas guiadas para exercitar a l\u00f3gica de leitura e reda\u00e7\u00e3o. Tamb\u00e9m ser\u00e3o realizadas oficinas de busca de patentes e mapeamento de segmentos tecnol\u00f3gicos, com base em informa\u00e7\u00f5es contidas em patentes.<\/p>\n<p style=\"text-align: left\">Veja toda a programa\u00e7\u00e3o e como se inscrever <a href=\"http:\/\/ccs2.ufpel.edu.br\/wp\/wp-content\/uploads\/2019\/02\/Redacao_de_Patentes_Alem_dos_Guias_20190408_Programa.pdf\">AQUI<\/a>.<\/p>\n","protected":false},"excerpt":{"rendered":"<p>A UFPel sediar\u00e1, nos dias 8 e 9 de abril, das 8h30min \u00e0s 16h30min, no audit\u00f3rio da Reitoria, no Campus Anglo, o Workshop Reda\u00e7\u00e3o de Patentes, Al\u00e9m dos Guias + Oficinas Pr\u00e1ticas. A Universidade, atrav\u00e9s da Coordena\u00e7\u00e3o de Inova\u00e7\u00e3o Tecnol\u00f3gica (CIT), da Pr\u00f3-reitoria de Pesquisa e P\u00f3s-Gradua\u00e7\u00e3o (PRPPG), \u00e9 uma das institui\u00e7\u00f5es que est\u00e1 promovendo [&hellip;]<\/p>\n","protected":false},"author":905,"featured_media":0,"comment_status":"closed","ping_status":"closed","sticky":false,"template":"","format":"standard","meta":{"footnotes":""},"categories":[1],"tags":[],"class_list":["post-94","post","type-post","status-publish","format-standard","hentry","category-noticias"],"jetpack_featured_media_url":"","_links":{"self":[{"href":"https:\/\/wp.ufpel.edu.br\/dai\/wp-json\/wp\/v2\/posts\/94","targetHints":{"allow":["GET"]}}],"collection":[{"href":"https:\/\/wp.ufpel.edu.br\/dai\/wp-json\/wp\/v2\/posts"}],"about":[{"href":"https:\/\/wp.ufpel.edu.br\/dai\/wp-json\/wp\/v2\/types\/post"}],"author":[{"embeddable":true,"href":"https:\/\/wp.ufpel.edu.br\/dai\/wp-json\/wp\/v2\/users\/905"}],"replies":[{"embeddable":true,"href":"https:\/\/wp.ufpel.edu.br\/dai\/wp-json\/wp\/v2\/comments?post=94"}],"version-history":[{"count":1,"href":"https:\/\/wp.ufpel.edu.br\/dai\/wp-json\/wp\/v2\/posts\/94\/revisions"}],"predecessor-version":[{"id":97,"href":"https:\/\/wp.ufpel.edu.br\/dai\/wp-json\/wp\/v2\/posts\/94\/revisions\/97"}],"wp:attachment":[{"href":"https:\/\/wp.ufpel.edu.br\/dai\/wp-json\/wp\/v2\/media?parent=94"}],"wp:term":[{"taxonomy":"category","embeddable":true,"href":"https:\/\/wp.ufpel.edu.br\/dai\/wp-json\/wp\/v2\/categories?post=94"},{"taxonomy":"post_tag","embeddable":true,"href":"https:\/\/wp.ufpel.edu.br\/dai\/wp-json\/wp\/v2\/tags?post=94"}],"curies":[{"name":"wp","href":"https:\/\/api.w.org\/{rel}","templated":true}]}}