{"id":601,"date":"2017-05-15T19:14:52","date_gmt":"2017-05-15T22:14:52","guid":{"rendered":"https:\/\/wp.ufpel.edu.br\/daee\/?p=601"},"modified":"2017-05-15T19:14:52","modified_gmt":"2017-05-15T22:14:52","slug":"eleicoesdaee","status":"publish","type":"post","link":"https:\/\/wp.ufpel.edu.br\/daee\/2017\/05\/15\/eleicoesdaee\/","title":{"rendered":"Elei\u00e7\u00f5es para o Diret\u00f3rio Acad\u00eamico"},"content":{"rendered":"<p>A comiss\u00e3o eleitoral convida todos discentes regularmente matriculados do curso para participar do processo de consulta a nova gest\u00e3o que ira ficar a frente do Diret\u00f3rio Acad\u00eamico de Engenharia Eletr\u00f4nica, durante o bi\u00eanio 2017\/2018.<\/p>\n<p>O processo ira acontecer:<br \/>\n16\/05\/2017 das 8h at\u00e9 as 12, no Sagu\u00e3o do Campus Cotada ( Centro de Engenharias )<\/p>\n<p>Chapas Inscritas:<br \/>\nChapa &#8211;\u00a0Fluxo Concatenado<\/p>\n<ul>\n<li>Candidato \u00e0 Presid\u00eancia: Henrique Gon\u00e7alves Andrade<\/li>\n<li>\u00a0Candidato \u00e0 Vice-Presid\u00eancia: William Rodrigues\n<p>C<a href=\"https:\/\/wp.ufpel.edu.br\/daee\/files\/2017\/05\/chapaFC.docx\">hapa Incrita \u00a0FC<\/a><\/li>\n<\/ul>\n","protected":false},"excerpt":{"rendered":"<p>A comiss\u00e3o eleitoral convida todos discentes regularmente matriculados do curso para participar do processo de consulta a nova gest\u00e3o que ira ficar a frente do Diret\u00f3rio Acad\u00eamico de Engenharia Eletr\u00f4nica, durante o bi\u00eanio 2017\/2018. O processo ira acontecer: 16\/05\/2017 das 8h at\u00e9 as 12, no Sagu\u00e3o do Campus Cotada ( Centro de Engenharias ) Chapas [&hellip;]<\/p>\n","protected":false},"author":128,"featured_media":0,"comment_status":"closed","ping_status":"closed","sticky":false,"template":"","format":"standard","meta":{"_jetpack_memberships_contains_paid_content":false,"footnotes":""},"categories":[18],"tags":[],"class_list":["post-601","post","type-post","status-publish","format-standard","hentry","category-sem-categoria"],"jetpack_featured_media_url":"","jetpack_sharing_enabled":true,"_links":{"self":[{"href":"https:\/\/wp.ufpel.edu.br\/daee\/wp-json\/wp\/v2\/posts\/601","targetHints":{"allow":["GET"]}}],"collection":[{"href":"https:\/\/wp.ufpel.edu.br\/daee\/wp-json\/wp\/v2\/posts"}],"about":[{"href":"https:\/\/wp.ufpel.edu.br\/daee\/wp-json\/wp\/v2\/types\/post"}],"author":[{"embeddable":true,"href":"https:\/\/wp.ufpel.edu.br\/daee\/wp-json\/wp\/v2\/users\/128"}],"replies":[{"embeddable":true,"href":"https:\/\/wp.ufpel.edu.br\/daee\/wp-json\/wp\/v2\/comments?post=601"}],"version-history":[{"count":1,"href":"https:\/\/wp.ufpel.edu.br\/daee\/wp-json\/wp\/v2\/posts\/601\/revisions"}],"predecessor-version":[{"id":604,"href":"https:\/\/wp.ufpel.edu.br\/daee\/wp-json\/wp\/v2\/posts\/601\/revisions\/604"}],"wp:attachment":[{"href":"https:\/\/wp.ufpel.edu.br\/daee\/wp-json\/wp\/v2\/media?parent=601"}],"wp:term":[{"taxonomy":"category","embeddable":true,"href":"https:\/\/wp.ufpel.edu.br\/daee\/wp-json\/wp\/v2\/categories?post=601"},{"taxonomy":"post_tag","embeddable":true,"href":"https:\/\/wp.ufpel.edu.br\/daee\/wp-json\/wp\/v2\/tags?post=601"}],"curies":[{"name":"wp","href":"https:\/\/api.w.org\/{rel}","templated":true}]}}