{"id":164,"date":"2013-11-04T18:21:43","date_gmt":"2013-11-04T20:21:43","guid":{"rendered":"https:\/\/wp.ufpel.edu.br\/daee\/?p=164"},"modified":"2013-11-04T18:21:43","modified_gmt":"2013-11-04T20:21:43","slug":"resultado-eleicoes-daee","status":"publish","type":"post","link":"https:\/\/wp.ufpel.edu.br\/daee\/2013\/11\/04\/resultado-eleicoes-daee\/","title":{"rendered":"Resultado Elei\u00e7\u00f5es DAEE"},"content":{"rendered":"<p>A COE \u00a0declara a chapa Reat\u00e2ncia vencedora do processo eleitoral e aproveita para parabenizar a nova diretoria que obteve unanimidade dos votos v\u00e1lidos do processo.<br \/>\nA COE informa que em cumprimento do regulamento eleitoral a posse ocorrer\u00e1 em at\u00e9 15 dias ap\u00f3s a publica\u00e7\u00e3o deste comunicado.<\/p>\n<p><a href=\"https:\/\/wp.ufpel.edu.br\/daee\/files\/2013\/11\/Resultado_elei\u00e7\u00f5es.pdf\">Resultado_elei\u00e7\u00f5es<\/a><\/p>\n<p>&nbsp;<\/p>\n<address>Danien Lopes<\/address>\n<address>Presidente COE 2013\/2<\/address>\n","protected":false},"excerpt":{"rendered":"<p>A COE \u00a0declara a chapa Reat\u00e2ncia vencedora do processo eleitoral e aproveita para parabenizar a nova diretoria que obteve unanimidade dos votos v\u00e1lidos do processo. A COE informa que em cumprimento do regulamento eleitoral a posse ocorrer\u00e1 em at\u00e9 15 dias ap\u00f3s a publica\u00e7\u00e3o deste comunicado. Resultado_elei\u00e7\u00f5es &nbsp; Danien Lopes Presidente COE 2013\/2<\/p>\n","protected":false},"author":128,"featured_media":0,"comment_status":"closed","ping_status":"open","sticky":false,"template":"","format":"standard","meta":{"_jetpack_memberships_contains_paid_content":false,"footnotes":""},"categories":[18],"tags":[49010],"class_list":["post-164","post","type-post","status-publish","format-standard","hentry","category-sem-categoria","tag-eleicoes-daee"],"jetpack_featured_media_url":"","jetpack_sharing_enabled":true,"_links":{"self":[{"href":"https:\/\/wp.ufpel.edu.br\/daee\/wp-json\/wp\/v2\/posts\/164","targetHints":{"allow":["GET"]}}],"collection":[{"href":"https:\/\/wp.ufpel.edu.br\/daee\/wp-json\/wp\/v2\/posts"}],"about":[{"href":"https:\/\/wp.ufpel.edu.br\/daee\/wp-json\/wp\/v2\/types\/post"}],"author":[{"embeddable":true,"href":"https:\/\/wp.ufpel.edu.br\/daee\/wp-json\/wp\/v2\/users\/128"}],"replies":[{"embeddable":true,"href":"https:\/\/wp.ufpel.edu.br\/daee\/wp-json\/wp\/v2\/comments?post=164"}],"version-history":[{"count":1,"href":"https:\/\/wp.ufpel.edu.br\/daee\/wp-json\/wp\/v2\/posts\/164\/revisions"}],"predecessor-version":[{"id":166,"href":"https:\/\/wp.ufpel.edu.br\/daee\/wp-json\/wp\/v2\/posts\/164\/revisions\/166"}],"wp:attachment":[{"href":"https:\/\/wp.ufpel.edu.br\/daee\/wp-json\/wp\/v2\/media?parent=164"}],"wp:term":[{"taxonomy":"category","embeddable":true,"href":"https:\/\/wp.ufpel.edu.br\/daee\/wp-json\/wp\/v2\/categories?post=164"},{"taxonomy":"post_tag","embeddable":true,"href":"https:\/\/wp.ufpel.edu.br\/daee\/wp-json\/wp\/v2\/tags?post=164"}],"curies":[{"name":"wp","href":"https:\/\/api.w.org\/{rel}","templated":true}]}}