{"id":813,"date":"2026-08-03T16:57:54","date_gmt":"2026-08-03T19:57:54","guid":{"rendered":"https:\/\/wp.ufpel.edu.br\/cursosdelinguas\/?p=813"},"modified":"2026-08-03T16:57:54","modified_gmt":"2026-08-03T19:57:54","slug":"cursos-de-linguas-divulga-lista-de-candidatos-sorteados-para-2026-2","status":"publish","type":"post","link":"https:\/\/wp.ufpel.edu.br\/cursosdelinguas\/2026\/08\/03\/cursos-de-linguas-divulga-lista-de-candidatos-sorteados-para-2026-2\/","title":{"rendered":"Cursos de L\u00ednguas divulga lista de candidatos sorteados para 2026\/2"},"content":{"rendered":"<p style=\"text-align: justify;\">A Coordena\u00e7\u00e3o dos Cursos de L\u00ednguas da C\u00e2mara de Extens\u00e3o do CLC\/UFPel divulga a lista dos candidatos sorteados da comunidade e de servidores da UFPel para matr\u00edcula nos cursos de 2026\/2.<\/p>\n<p style=\"text-align: justify;\">O sorteio foi realizado em <strong>03\/08\/2026<\/strong>.<br \/>\nConfira a lista completa: <a href=\"https:\/\/wp.ufpel.edu.br\/cursosdelinguas\/files\/2026\/08\/SEI_4038724_Edital_11.pdf\">Lista de sorteados 2026\/2<\/a><\/p>\n<p style=\"text-align: justify;\"><a href=\"https:\/\/wp.ufpel.edu.br\/cursosdelinguas\/2026\/07\/15\/cursos-de-linguas-do-clc-abre-inscricoes-para-o-semestre-2026-2\/\">Cursos de L\u00ednguas 2026\/2 edital<\/a><\/p>\n<h3 style=\"text-align: justify;\"><strong>Como realizar a matr\u00edcula<\/strong><\/h3>\n<h3 style=\"text-align: justify;\"><strong><b>Matr\u00edculas de: 04 de agosto a 18 de agosto at\u00e9 \u00e0s 15h00.<\/b><\/strong><\/h3>\n<ol style=\"text-align: justify;\">\n<li>Preencher o formul\u00e1rio: <a href=\"https:\/\/forms.gle\/Cw9rLMBorgCsdM8v5\">https:\/\/forms.gle\/Cw9rLMBorgCsdM8v5<\/a><\/li>\n<li>Enviar e-mail para\u00a0<strong>cursosdelinguasufpel@gmail.com<\/strong> contendo:\n<ul>\n<li><strong>T\u00edtulo do e-mail:<\/strong>\u00a0Curso e n\u00edvel (ex.: Alem\u00e3o I)<\/li>\n<li><strong>Documento de identifica\u00e7\u00e3o:<\/strong>\u00a0CPF ou RG (foto ou PDF)<\/li>\n<li><strong>Comprovante de pagamento da taxa de matr\u00edcula<\/strong> (formas de pagamento no item 6 em: <a href=\"https:\/\/wp.ufpel.edu.br\/cursosdelinguas\/files\/2026\/07\/SEI_3938742_Edital_08-1-1-1.pdf\">Pagamento da taxa de matr\u00edcula )<\/a><\/li>\n<\/ul>\n<\/li>\n<\/ol>\n<h3 style=\"text-align: justify;\">Importante:<\/h3>\n<ul>\n<li style=\"text-align: justify;\">Caso as vagas n\u00e3o sejam preenchidas nesta primeira chamada, ser\u00e1 feita uma chamada de suplentes.<\/li>\n<li style=\"text-align: justify;\">A lista de suplentes ser\u00e1 divulgada em <strong>\u00a019 de agosto de 2026<\/strong>, conforme previsto no edital.\n\t\t<style>\n\t\t\t#gallery-1 {\n\t\t\t\tmargin: auto;\n\t\t\t}\n\t\t\t#gallery-1 .gallery-item {\n\t\t\t\tfloat: left;\n\t\t\t\tmargin-top: 10px;\n\t\t\t\ttext-align: center;\n\t\t\t\twidth: 50%;\n\t\t\t}\n\t\t\t#gallery-1 img {\n\t\t\t\tborder: 2px solid #cfcfcf;\n\t\t\t}\n\t\t\t#gallery-1 .gallery-caption {\n\t\t\t\tmargin-left: 0;\n\t\t\t}\n\t\t\t\/* see gallery_shortcode() in wp-includes\/media.php *\/\n\t\t<\/style>\n\t\t<div id='gallery-1' class='gallery galleryid-813 gallery-columns-2 gallery-size-medium'><dl class='gallery-item'>\n\t\t\t<dt class='gallery-icon portrait'>\n\t\t\t\t<a href='https:\/\/wp.ufpel.edu.br\/cursosdelinguas\/2026\/08\/03\/cursos-de-linguas-divulga-lista-de-candidatos-sorteados-para-2026-2\/copia-de-tclle-2026\/#main'><img loading=\"lazy\" decoding=\"async\" width=\"320\" height=\"400\" src=\"https:\/\/wp.ufpel.edu.br\/cursosdelinguas\/files\/2026\/08\/Copia-de-TCLLE-2026-320x400.png\" class=\"attachment-medium size-medium\" alt=\"\" srcset=\"https:\/\/wp.ufpel.edu.br\/cursosdelinguas\/files\/2026\/08\/Copia-de-TCLLE-2026-320x400.png 320w, https:\/\/wp.ufpel.edu.br\/cursosdelinguas\/files\/2026\/08\/Copia-de-TCLLE-2026-819x1024.png 819w, https:\/\/wp.ufpel.edu.br\/cursosdelinguas\/files\/2026\/08\/Copia-de-TCLLE-2026-768x960.png 768w, https:\/\/wp.ufpel.edu.br\/cursosdelinguas\/files\/2026\/08\/Copia-de-TCLLE-2026.png 1080w\" sizes=\"auto, (max-width: 320px) 100vw, 320px\" \/><\/a>\n\t\t\t<\/dt><\/dl><dl class='gallery-item'>\n\t\t\t<dt class='gallery-icon portrait'>\n\t\t\t\t<a href='https:\/\/wp.ufpel.edu.br\/cursosdelinguas\/2026\/08\/03\/cursos-de-linguas-divulga-lista-de-candidatos-sorteados-para-2026-2\/copia-de-tclle-2026-1\/#main'><img loading=\"lazy\" decoding=\"async\" width=\"320\" height=\"400\" src=\"https:\/\/wp.ufpel.edu.br\/cursosdelinguas\/files\/2026\/08\/Copia-de-TCLLE-2026-1-320x400.png\" class=\"attachment-medium size-medium\" alt=\"\" srcset=\"https:\/\/wp.ufpel.edu.br\/cursosdelinguas\/files\/2026\/08\/Copia-de-TCLLE-2026-1-320x400.png 320w, https:\/\/wp.ufpel.edu.br\/cursosdelinguas\/files\/2026\/08\/Copia-de-TCLLE-2026-1-819x1024.png 819w, https:\/\/wp.ufpel.edu.br\/cursosdelinguas\/files\/2026\/08\/Copia-de-TCLLE-2026-1-768x960.png 768w, https:\/\/wp.ufpel.edu.br\/cursosdelinguas\/files\/2026\/08\/Copia-de-TCLLE-2026-1.png 1080w\" sizes=\"auto, (max-width: 320px) 100vw, 320px\" \/><\/a>\n\t\t\t<\/dt><\/dl><br style=\"clear: both\" \/>\n\t\t<\/div>\n<\/li>\n<\/ul>\n","protected":false},"excerpt":{"rendered":"<p>A Coordena\u00e7\u00e3o dos Cursos de L\u00ednguas da C\u00e2mara de Extens\u00e3o do CLC\/UFPel divulga a lista dos candidatos sorteados da comunidade e de servidores da UFPel para matr\u00edcula nos cursos de 2026\/2. O sorteio foi realizado [&hellip;]<\/p>\n","protected":false},"author":857,"featured_media":0,"comment_status":"closed","ping_status":"closed","sticky":false,"template":"","format":"standard","meta":{"footnotes":""},"categories":[1],"tags":[],"class_list":["post-813","post","type-post","status-publish","format-standard","hentry","category-noticias"],"jetpack_featured_media_url":"","_links":{"self":[{"href":"https:\/\/wp.ufpel.edu.br\/cursosdelinguas\/wp-json\/wp\/v2\/posts\/813","targetHints":{"allow":["GET"]}}],"collection":[{"href":"https:\/\/wp.ufpel.edu.br\/cursosdelinguas\/wp-json\/wp\/v2\/posts"}],"about":[{"href":"https:\/\/wp.ufpel.edu.br\/cursosdelinguas\/wp-json\/wp\/v2\/types\/post"}],"author":[{"embeddable":true,"href":"https:\/\/wp.ufpel.edu.br\/cursosdelinguas\/wp-json\/wp\/v2\/users\/857"}],"replies":[{"embeddable":true,"href":"https:\/\/wp.ufpel.edu.br\/cursosdelinguas\/wp-json\/wp\/v2\/comments?post=813"}],"version-history":[{"count":2,"href":"https:\/\/wp.ufpel.edu.br\/cursosdelinguas\/wp-json\/wp\/v2\/posts\/813\/revisions"}],"predecessor-version":[{"id":819,"href":"https:\/\/wp.ufpel.edu.br\/cursosdelinguas\/wp-json\/wp\/v2\/posts\/813\/revisions\/819"}],"wp:attachment":[{"href":"https:\/\/wp.ufpel.edu.br\/cursosdelinguas\/wp-json\/wp\/v2\/media?parent=813"}],"wp:term":[{"taxonomy":"category","embeddable":true,"href":"https:\/\/wp.ufpel.edu.br\/cursosdelinguas\/wp-json\/wp\/v2\/categories?post=813"},{"taxonomy":"post_tag","embeddable":true,"href":"https:\/\/wp.ufpel.edu.br\/cursosdelinguas\/wp-json\/wp\/v2\/tags?post=813"}],"curies":[{"name":"wp","href":"https:\/\/api.w.org\/{rel}","templated":true}]}}