{"id":756,"date":"2026-03-23T15:23:09","date_gmt":"2026-03-23T18:23:09","guid":{"rendered":"https:\/\/wp.ufpel.edu.br\/cursosdelinguas\/?p=756"},"modified":"2026-03-23T15:23:09","modified_gmt":"2026-03-23T18:23:09","slug":"nova-data-de-rematriculas-e-aproveitamentos-para-cursos-de-linguas","status":"publish","type":"post","link":"https:\/\/wp.ufpel.edu.br\/cursosdelinguas\/2026\/03\/23\/nova-data-de-rematriculas-e-aproveitamentos-para-cursos-de-linguas\/","title":{"rendered":"Nova data de rematr\u00edculas e aproveitamentos para Cursos de L\u00ednguas"},"content":{"rendered":"<p><!--StartFragment --><\/p>\n<p style=\"text-align: justify;\">Informamos que a data das rematr\u00edculas foi alterada. A decis\u00e3o se deve ao fato de que o resultado da sele\u00e7\u00e3o de ministrantes ser\u00e1 divulgado at\u00e9 o dia <strong>3 de abril<\/strong>. Somente ap\u00f3s essa etapa poderemos confirmar quais cursos estar\u00e3o dispon\u00edveis para rematr\u00edcula. Al\u00e9m disso, informamos que o QR code do pix foi alterado com dados do novo valor de matr\u00edcula.<\/p>\n<p style=\"text-align: justify;\">Dessa forma, \u00e9 necess\u00e1rio aguardar a conclus\u00e3o da sele\u00e7\u00e3o para garantir que todos os estudantes possam realizar sua rematr\u00edcula com clareza sobre as op\u00e7\u00f5es de cursos ofertados. Alunos interessados em realizar a rematr\u00edcula podem entrar em contato pelo e-mail cursosdelinguasufpel@gmail.com para mais informa\u00e7\u00f5es.<\/p>\n<p style=\"text-align: justify;\"><strong>Como realizar a rematr\u00edcula<\/strong><\/p>\n<p style=\"text-align: justify;\"><strong>REMATR\u00cdCULAS (n\u00edveis II, III e IV):<\/strong><br \/>\nEstar\u00e3o abertas aos candidatos que cursaram os B\u00e1sicos I, II, III e IV na UFPel a partir de 2023-1. As rematr\u00edculas acontecem dos dias 6 a 10 de abril. O processo ocorrer\u00e1 em dois passos:<\/p>\n<ol style=\"text-align: justify;\">\n<li><strong>Preenchimento do formul\u00e1rio<\/strong>\n<ul>\n<li>O formul\u00e1rio estar\u00e1 dispon\u00edvel no destaque <em>Edital<\/em> no instagram @cursosdelinguasufpel<\/li>\n<\/ul>\n<\/li>\n<li><strong>Envio de e-mail para<\/strong>: cursosdelinguasufpel@gmail.com\n<ul>\n<li><strong>T\u00edtulo do e-mail:<\/strong> Curso e n\u00edvel (ex.: Espanhol B\u00e1sico II)<\/li>\n<li><strong>Documentos obrigat\u00f3rios:<\/strong>\n<ul>\n<li>CPF ou RG (imagem ou PDF)<\/li>\n<li>Comprovante de pagamento da taxa de rematr\u00edcula<\/li>\n<\/ul>\n<\/li>\n<\/ul>\n<\/li>\n<\/ol>\n<p style=\"text-align: justify;\"><strong>Pagamento<\/strong><\/p>\n<ul style=\"text-align: justify;\">\n<li><strong>Pix:<\/strong> cursosdelinguasufpel@gmail.com (valor: R$ 195,00)<\/li>\n<li><strong>Transfer\u00eancia:<\/strong> Dados banc\u00e1rios dispon\u00edvel no edital<\/li>\n<\/ul>\n<p style=\"text-align: justify;\"><strong>\u00a0Aproveitamentos<\/strong><\/p>\n<p style=\"text-align: justify;\">Destina-se a candidatos com conhecimento pr\u00e9vio comprovado em alguma l\u00edngua, que tenham frequentado cursos em outras institui\u00e7\u00f5es e desejam ingressar em n\u00edvel adiantado. N\u00e3o h\u00e1 garantia de matr\u00edcula, pois depende da oferta dos n\u00edveis correspondentes.<\/p>\n<ol type=\"a\">\n<li style=\"text-align: justify;\"><strong>Per\u00edodo de solicita\u00e7\u00e3o:<\/strong> 26\/03 a 02\/04, por e-mail: cursosdelinguasufpel@gmail.com<\/li>\n<li style=\"text-align: justify;\">Documentos necess\u00e1rios:\n<ul>\n<li>Certificado do curso realizado em outra institui\u00e7\u00e3o (imagem ou PDF leg\u00edvel)<\/li>\n<li>S\u00famula (conte\u00fado program\u00e1tico) e carga hor\u00e1ria do curso realizado<\/li>\n<li><strong>Importante:<\/strong> n\u00e3o ser\u00e1 aceito pedido sem a s\u00famula<\/li>\n<\/ul>\n<\/li>\n<li style=\"text-align: justify;\">A equipe entrar\u00e1 em contato com os candidatos, via e-mail, at\u00e9 <strong>03\/04<\/strong> para informar os resultados.<\/li>\n<li style=\"text-align: justify;\">A matr\u00edcula referente ao aproveitamento ocorrer\u00e1 de 06 a 10 de abril.<\/li>\n<\/ol>\n<p>Confira o edital: <a href=\"https:\/\/wp.ufpel.edu.br\/cursosdelinguas\/files\/2026\/03\/SEI_3741644_Edital_03-1.pdf\">Corre\u00e7\u00e3o rematr\u00edcula e aproveitamentos<\/a><\/p>\n\n\t\t<style type=\"text\/css\">\n\t\t\t#gallery-1 {\n\t\t\t\tmargin: auto;\n\t\t\t}\n\t\t\t#gallery-1 .gallery-item {\n\t\t\t\tfloat: left;\n\t\t\t\tmargin-top: 10px;\n\t\t\t\ttext-align: center;\n\t\t\t\twidth: 50%;\n\t\t\t}\n\t\t\t#gallery-1 img {\n\t\t\t\tborder: 2px solid #cfcfcf;\n\t\t\t}\n\t\t\t#gallery-1 .gallery-caption {\n\t\t\t\tmargin-left: 0;\n\t\t\t}\n\t\t\t\/* see gallery_shortcode() in wp-includes\/media.php *\/\n\t\t<\/style>\n\t\t<div id='gallery-1' class='gallery galleryid-756 gallery-columns-2 gallery-size-full'><dl class='gallery-item'>\n\t\t\t<dt class='gallery-icon portrait'>\n\t\t\t\t<a href='https:\/\/wp.ufpel.edu.br\/cursosdelinguas\/files\/2026\/03\/Copia-de-Cursos-de-linguas-20251.png'><img loading=\"lazy\" decoding=\"async\" width=\"1080\" height=\"1350\" src=\"https:\/\/wp.ufpel.edu.br\/cursosdelinguas\/files\/2026\/03\/Copia-de-Cursos-de-linguas-20251.png\" class=\"attachment-full size-full\" alt=\"\" srcset=\"https:\/\/wp.ufpel.edu.br\/cursosdelinguas\/files\/2026\/03\/Copia-de-Cursos-de-linguas-20251.png 1080w, https:\/\/wp.ufpel.edu.br\/cursosdelinguas\/files\/2026\/03\/Copia-de-Cursos-de-linguas-20251-320x400.png 320w, https:\/\/wp.ufpel.edu.br\/cursosdelinguas\/files\/2026\/03\/Copia-de-Cursos-de-linguas-20251-819x1024.png 819w, https:\/\/wp.ufpel.edu.br\/cursosdelinguas\/files\/2026\/03\/Copia-de-Cursos-de-linguas-20251-768x960.png 768w\" sizes=\"auto, (max-width: 1080px) 100vw, 1080px\" \/><\/a>\n\t\t\t<\/dt><\/dl><dl class='gallery-item'>\n\t\t\t<dt class='gallery-icon portrait'>\n\t\t\t\t<a href='https:\/\/wp.ufpel.edu.br\/cursosdelinguas\/files\/2026\/03\/Copia-de-Cursos-de-linguas-20251-1.png'><img loading=\"lazy\" decoding=\"async\" width=\"1080\" height=\"1350\" src=\"https:\/\/wp.ufpel.edu.br\/cursosdelinguas\/files\/2026\/03\/Copia-de-Cursos-de-linguas-20251-1.png\" class=\"attachment-full size-full\" alt=\"\" srcset=\"https:\/\/wp.ufpel.edu.br\/cursosdelinguas\/files\/2026\/03\/Copia-de-Cursos-de-linguas-20251-1.png 1080w, https:\/\/wp.ufpel.edu.br\/cursosdelinguas\/files\/2026\/03\/Copia-de-Cursos-de-linguas-20251-1-320x400.png 320w, https:\/\/wp.ufpel.edu.br\/cursosdelinguas\/files\/2026\/03\/Copia-de-Cursos-de-linguas-20251-1-819x1024.png 819w, https:\/\/wp.ufpel.edu.br\/cursosdelinguas\/files\/2026\/03\/Copia-de-Cursos-de-linguas-20251-1-768x960.png 768w\" sizes=\"auto, (max-width: 1080px) 100vw, 1080px\" \/><\/a>\n\t\t\t<\/dt><\/dl><br style=\"clear: both\" \/>\n\t\t<\/div>\n\n<p><!--EndFragment --><\/p>\n","protected":false},"excerpt":{"rendered":"<p>Informamos que a data das rematr\u00edculas foi alterada. A decis\u00e3o se deve ao fato de que o resultado da sele\u00e7\u00e3o de ministrantes ser\u00e1 divulgado at\u00e9 o dia 3 de abril. Somente ap\u00f3s essa etapa poderemos [&hellip;]<\/p>\n","protected":false},"author":857,"featured_media":0,"comment_status":"closed","ping_status":"closed","sticky":false,"template":"","format":"standard","meta":{"footnotes":""},"categories":[1],"tags":[],"class_list":["post-756","post","type-post","status-publish","format-standard","hentry","category-noticias"],"jetpack_featured_media_url":"","_links":{"self":[{"href":"https:\/\/wp.ufpel.edu.br\/cursosdelinguas\/wp-json\/wp\/v2\/posts\/756","targetHints":{"allow":["GET"]}}],"collection":[{"href":"https:\/\/wp.ufpel.edu.br\/cursosdelinguas\/wp-json\/wp\/v2\/posts"}],"about":[{"href":"https:\/\/wp.ufpel.edu.br\/cursosdelinguas\/wp-json\/wp\/v2\/types\/post"}],"author":[{"embeddable":true,"href":"https:\/\/wp.ufpel.edu.br\/cursosdelinguas\/wp-json\/wp\/v2\/users\/857"}],"replies":[{"embeddable":true,"href":"https:\/\/wp.ufpel.edu.br\/cursosdelinguas\/wp-json\/wp\/v2\/comments?post=756"}],"version-history":[{"count":1,"href":"https:\/\/wp.ufpel.edu.br\/cursosdelinguas\/wp-json\/wp\/v2\/posts\/756\/revisions"}],"predecessor-version":[{"id":761,"href":"https:\/\/wp.ufpel.edu.br\/cursosdelinguas\/wp-json\/wp\/v2\/posts\/756\/revisions\/761"}],"wp:attachment":[{"href":"https:\/\/wp.ufpel.edu.br\/cursosdelinguas\/wp-json\/wp\/v2\/media?parent=756"}],"wp:term":[{"taxonomy":"category","embeddable":true,"href":"https:\/\/wp.ufpel.edu.br\/cursosdelinguas\/wp-json\/wp\/v2\/categories?post=756"},{"taxonomy":"post_tag","embeddable":true,"href":"https:\/\/wp.ufpel.edu.br\/cursosdelinguas\/wp-json\/wp\/v2\/tags?post=756"}],"curies":[{"name":"wp","href":"https:\/\/api.w.org\/{rel}","templated":true}]}}