{"id":734,"date":"2026-02-26T17:27:42","date_gmt":"2026-02-26T20:27:42","guid":{"rendered":"https:\/\/wp.ufpel.edu.br\/cursosdelinguas\/?p=734"},"modified":"2026-02-26T17:30:12","modified_gmt":"2026-02-26T20:30:12","slug":"edital-no-01-2026-bolsas-de-desenvolvimento-na-unidade-bdu-clc","status":"publish","type":"post","link":"https:\/\/wp.ufpel.edu.br\/cursosdelinguas\/2026\/02\/26\/edital-no-01-2026-bolsas-de-desenvolvimento-na-unidade-bdu-clc\/","title":{"rendered":"EDITAL N\u00ba. 01\/2026 \u2013 Bolsas de Desenvolvimento na Unidade (BDU) \u2013 CLC"},"content":{"rendered":"<p style=\"text-align: justify;\">O Centro de Letras e Comunica\u00e7\u00e3o seleciona 01 vaga para auxiliar nas atividades acad\u00eamicas e administrativas ligadas \u00e0 C\u00e2mara de Extens\u00e3o do CLC \u2013 Curso de L\u00ednguas.<\/p>\n<p style=\"text-align: justify;\"><strong>Inscri\u00e7\u00f5es de 13 a 20 de fevereiro de 2026, at\u00e9 \u00e0s 14h.<\/strong><\/p>\n<p style=\"text-align: justify;\">Confira o <a href=\"https:\/\/wp.ufpel.edu.br\/clc\/files\/2026\/02\/SEI_3632646_Edital_Bolsa_de_Desenvolvimento_na_Unidade_BDU.pdf\">Edital BDU &#8211; CLC<\/a><\/p>\n<p style=\"text-align: justify;\">Veja o <a href=\"https:\/\/wp.ufpel.edu.br\/clc\/2026\/02\/26\/resultado-das-bolsas-de-desenvolvimento-na-unidade-bdu-clc\/\">Resultado BDU &#8211; CLC<\/a><\/p>\n<p><img loading=\"lazy\" decoding=\"async\" class=\"aligncenter wp-image-736 \" src=\"https:\/\/wp.ufpel.edu.br\/cursosdelinguas\/files\/2026\/02\/Bolsista-axuliar.png\" alt=\"\" width=\"260\" height=\"325\" \/><\/p>\n","protected":false},"excerpt":{"rendered":"<p>O Centro de Letras e Comunica\u00e7\u00e3o seleciona 01 vaga para auxiliar nas atividades acad\u00eamicas e administrativas ligadas \u00e0 C\u00e2mara de Extens\u00e3o do CLC \u2013 Curso de L\u00ednguas. Inscri\u00e7\u00f5es de 13 a 20 de fevereiro de [&hellip;]<\/p>\n","protected":false},"author":857,"featured_media":736,"comment_status":"closed","ping_status":"closed","sticky":false,"template":"","format":"standard","meta":{"footnotes":""},"categories":[1],"tags":[],"class_list":{"0":"post-734","1":"post","2":"type-post","3":"status-publish","4":"format-standard","5":"has-post-thumbnail","6":"hentry","7":"category-noticias","9":"post-with-thumbnail","10":"post-with-thumbnail-icon"},"jetpack_featured_media_url":"https:\/\/wp.ufpel.edu.br\/cursosdelinguas\/files\/2026\/02\/Bolsista-axuliar-e1772137802669.png","_links":{"self":[{"href":"https:\/\/wp.ufpel.edu.br\/cursosdelinguas\/wp-json\/wp\/v2\/posts\/734","targetHints":{"allow":["GET"]}}],"collection":[{"href":"https:\/\/wp.ufpel.edu.br\/cursosdelinguas\/wp-json\/wp\/v2\/posts"}],"about":[{"href":"https:\/\/wp.ufpel.edu.br\/cursosdelinguas\/wp-json\/wp\/v2\/types\/post"}],"author":[{"embeddable":true,"href":"https:\/\/wp.ufpel.edu.br\/cursosdelinguas\/wp-json\/wp\/v2\/users\/857"}],"replies":[{"embeddable":true,"href":"https:\/\/wp.ufpel.edu.br\/cursosdelinguas\/wp-json\/wp\/v2\/comments?post=734"}],"version-history":[{"count":1,"href":"https:\/\/wp.ufpel.edu.br\/cursosdelinguas\/wp-json\/wp\/v2\/posts\/734\/revisions"}],"predecessor-version":[{"id":737,"href":"https:\/\/wp.ufpel.edu.br\/cursosdelinguas\/wp-json\/wp\/v2\/posts\/734\/revisions\/737"}],"wp:featuredmedia":[{"embeddable":true,"href":"https:\/\/wp.ufpel.edu.br\/cursosdelinguas\/wp-json\/wp\/v2\/media\/736"}],"wp:attachment":[{"href":"https:\/\/wp.ufpel.edu.br\/cursosdelinguas\/wp-json\/wp\/v2\/media?parent=734"}],"wp:term":[{"taxonomy":"category","embeddable":true,"href":"https:\/\/wp.ufpel.edu.br\/cursosdelinguas\/wp-json\/wp\/v2\/categories?post=734"},{"taxonomy":"post_tag","embeddable":true,"href":"https:\/\/wp.ufpel.edu.br\/cursosdelinguas\/wp-json\/wp\/v2\/tags?post=734"}],"curies":[{"name":"wp","href":"https:\/\/api.w.org\/{rel}","templated":true}]}}