{"id":592,"date":"2021-03-29T16:08:14","date_gmt":"2021-03-29T19:08:14","guid":{"rendered":"https:\/\/wp.ufpel.edu.br\/cursosdelinguas\/?p=592"},"modified":"2021-04-07T16:09:07","modified_gmt":"2021-04-07T19:09:07","slug":"formulario-de-inscricao-para-servidores-da-ufpel","status":"publish","type":"post","link":"https:\/\/wp.ufpel.edu.br\/cursosdelinguas\/2021\/03\/29\/formulario-de-inscricao-para-servidores-da-ufpel\/","title":{"rendered":"Formul\u00e1rio de inscri\u00e7\u00e3o para servidores da UFPel"},"content":{"rendered":"<p style=\"text-align: justify\">O projeto Cursos de L\u00ednguas informa que os\u00a0<strong>servidores da UFPel<\/strong>\u00a0dever\u00e3o se inscrever em\u00a0<strong>formul\u00e1rio espec\u00edfico,<\/strong>\u00a0destinado exclusivamente \u00e0 reserva de 10% de vagas nos cursos b\u00e1sicos I.<\/p>\n<p style=\"text-align: justify\">\u00c0queles servidores que j\u00e1 se inscreveram no formul\u00e1rio existente no edital, a coordena\u00e7\u00e3o solicita que<strong>\u00a0se inscrevam no novo formul\u00e1rio<\/strong>. Se porventura o servidor n\u00e3o tomar conhecimento do formul\u00e1rio novo, ainda assim ter\u00e1 sua inscri\u00e7\u00e3o transferida para o sorteio da reserva de vagas.<br \/>\nPara n\u00e3o haver duplicidade de participa\u00e7\u00e3o nos sorteios, a inscri\u00e7\u00e3o de servidores no formul\u00e1rio anterior, do edital, destinado \u00e0 comunidade em geral, ser\u00e1 exclu\u00edda.<\/p>\n<p style=\"text-align: justify\"><strong>Link do formul\u00e1rio para servidores:<\/strong>\u00a0<a href=\"https:\/\/forms.gle\/yRNsTxzF3TmHZkAy7\" target=\"_blank\" rel=\"noopener noreferrer\">https:\/\/forms.gle\/yRNsTxzF3TmHZkAy7<\/a><\/p>\n<p style=\"text-align: justify\">Edital dispon\u00edvel em:\u00a0<a href=\"https:\/\/wp.me\/p8BNZR-36m\">https:\/\/wp.me\/p8BNZR-36m<\/a><\/p>\n<p style=\"text-align: justify\">A inscri\u00e7\u00e3o estar\u00e1 aberta at\u00e9 a mesma data do edital: 05 de abril de 2021, \u00e0s 14h. O\u00a0<strong>sorteio<\/strong>\u00a0das vagas entre os servidores ser\u00e1 realizado no dia 06 de abril, \u00e0s 14h. A reserva de vagas vale para a primeira chamada.<\/p>\n","protected":false},"excerpt":{"rendered":"<p>O projeto Cursos de L\u00ednguas informa que os\u00a0servidores da UFPel\u00a0dever\u00e3o se inscrever em\u00a0formul\u00e1rio espec\u00edfico,\u00a0destinado exclusivamente \u00e0 reserva de 10% de vagas nos cursos b\u00e1sicos I. \u00c0queles servidores que j\u00e1 se inscreveram no formul\u00e1rio existente no [&hellip;]<\/p>\n","protected":false},"author":857,"featured_media":594,"comment_status":"closed","ping_status":"closed","sticky":false,"template":"","format":"standard","meta":{"footnotes":""},"categories":[3,1],"tags":[],"class_list":{"0":"post-592","1":"post","2":"type-post","3":"status-publish","4":"format-standard","5":"has-post-thumbnail","6":"hentry","7":"category-inscricoes-para-ingresso","8":"category-noticias","10":"post-with-thumbnail","11":"post-with-thumbnail-icon"},"jetpack_featured_media_url":"https:\/\/wp.ufpel.edu.br\/cursosdelinguas\/files\/2021\/03\/Cursos-2-e1617036235551.png","_links":{"self":[{"href":"https:\/\/wp.ufpel.edu.br\/cursosdelinguas\/wp-json\/wp\/v2\/posts\/592","targetHints":{"allow":["GET"]}}],"collection":[{"href":"https:\/\/wp.ufpel.edu.br\/cursosdelinguas\/wp-json\/wp\/v2\/posts"}],"about":[{"href":"https:\/\/wp.ufpel.edu.br\/cursosdelinguas\/wp-json\/wp\/v2\/types\/post"}],"author":[{"embeddable":true,"href":"https:\/\/wp.ufpel.edu.br\/cursosdelinguas\/wp-json\/wp\/v2\/users\/857"}],"replies":[{"embeddable":true,"href":"https:\/\/wp.ufpel.edu.br\/cursosdelinguas\/wp-json\/wp\/v2\/comments?post=592"}],"version-history":[{"count":2,"href":"https:\/\/wp.ufpel.edu.br\/cursosdelinguas\/wp-json\/wp\/v2\/posts\/592\/revisions"}],"predecessor-version":[{"id":608,"href":"https:\/\/wp.ufpel.edu.br\/cursosdelinguas\/wp-json\/wp\/v2\/posts\/592\/revisions\/608"}],"wp:featuredmedia":[{"embeddable":true,"href":"https:\/\/wp.ufpel.edu.br\/cursosdelinguas\/wp-json\/wp\/v2\/media\/594"}],"wp:attachment":[{"href":"https:\/\/wp.ufpel.edu.br\/cursosdelinguas\/wp-json\/wp\/v2\/media?parent=592"}],"wp:term":[{"taxonomy":"category","embeddable":true,"href":"https:\/\/wp.ufpel.edu.br\/cursosdelinguas\/wp-json\/wp\/v2\/categories?post=592"},{"taxonomy":"post_tag","embeddable":true,"href":"https:\/\/wp.ufpel.edu.br\/cursosdelinguas\/wp-json\/wp\/v2\/tags?post=592"}],"curies":[{"name":"wp","href":"https:\/\/api.w.org\/{rel}","templated":true}]}}