{"id":850,"date":"2017-07-24T17:16:47","date_gmt":"2017-07-24T20:16:47","guid":{"rendered":"https:\/\/wp.ufpel.edu.br\/cursodeturismo\/?p=850"},"modified":"2017-07-24T17:22:26","modified_gmt":"2017-07-24T20:22:26","slug":"ufpel-se-destaca-em-forum-internacional-de-turismo","status":"publish","type":"post","link":"https:\/\/wp.ufpel.edu.br\/cursodeturismo\/2017\/07\/24\/ufpel-se-destaca-em-forum-internacional-de-turismo\/","title":{"rendered":"UFPel se destaca em F\u00f3rum Internacional de Turismo"},"content":{"rendered":"<p>Acad\u00eamicos do Curso de Bacharelado em Turismo da Universidade Federal de Pelotas participaram do 12\u00ba Festival das Cataratas. O evento promove em suas atividades complementares o F\u00f3rum Internacional de Turismo do Iguassu, consolidado como o maior evento t\u00e9cnico-cient\u00edfico do setor no Brasil. De acordo com o site do evento, mais de 1,1 mil estudantes e professores participaram desta edi\u00e7\u00e3o, que bateu recorde no n\u00famero de trabalhos submetidos (270).<\/p>\n<p>O F\u00f3rum destacou os melhores trabalhos das categorias resumo expandido e artigo cient\u00edfico, premiando 1\u00b0 e 2\u00ba lugares de cada categoria. As acad\u00eamicas Andr\u00e9ia Skupien Bianchini e Ketrin Cristina Gabriel venceram a categoria resumo expandido com o trabalho \u201cTurismo, Cidadania e Educa\u00e7\u00e3o para o Patrim\u00f4nio: A vis\u00e3o dos professores do Ensino Fundamental da Rede P\u00fablica de Pelotas (RS)\u201d. Este trabalho \u00e9 resultado da parceria de dois projetos de extens\u00e3o do Curso de Bacharelado em Turismo: \u201cTurismo, Educa\u00e7\u00e3o e Cidadania\u201d e \u201cTurismo e Educa\u00e7\u00e3o Patrimonial\u201d, coordenados pelas professoras Dalila M\u00fcller e Dalila Hallal, respectivamente.<\/p>\n<p>Ainda, a egressa do Curso de Bacharelado em Turismo e mestranda do Programa de P\u00f3s-gradua\u00e7\u00e3o em Mem\u00f3ria Social e Patrim\u00f4nio Cultural da UFPel, Milena Behling, teve seu trabalho \u201cLugares de mem\u00f3ria: construindo uma rota tur\u00edstica de patrim\u00f4nios afetivos em Morro Redondo \u2013 RS\u201d destacado entre os dez melhores artigos cient\u00edficos do evento.<\/p>\n<p>&nbsp;<\/p>\n<p style=\"text-align: center\"><a href=\"https:\/\/wp.ufpel.edu.br\/cursodeturismo\/files\/2017\/07\/gisele2-246x400.jpg\" target=\"_blank\" rel=\"noopener\"><img loading=\"lazy\" decoding=\"async\" class=\"aligncenter wp-image-852 size-full\" title=\"Mestranda Milena Behling com a distin\u00e7\u00e3o\" src=\"https:\/\/wp.ufpel.edu.br\/cursodeturismo\/files\/2017\/07\/gisele2-246x400.jpg\" alt=\"\" width=\"246\" height=\"400\" \/><\/a>Mestranda Milena Behling com a distin\u00e7\u00e3o<\/p>\n<p>&nbsp;<\/p>\n<p style=\"text-align: center\"><a href=\"https:\/\/wp.ufpel.edu.br\/cursodeturismo\/files\/2017\/07\/gisele-768x512.jpg\" target=\"_blank\" rel=\"noopener\"><img loading=\"lazy\" decoding=\"async\" class=\"Acad\u00eamicas Andr\u00e9ia Skupien Bianchini e Ketrin Cristina Gabriel recebendo a premia\u00e7\u00e3o 1223 aligncenter wp-image-853 size-thumbnail\" title=\"Acad\u00eamicas Andr\u00e9ia Skupien Bianchini e Ketrin Cristina Gabriel recebendo a premia\u00e7\u00e3o\" src=\"https:\/\/wp.ufpel.edu.br\/cursodeturismo\/files\/2017\/07\/gisele-768x512-200x200.jpg\" alt=\"\" width=\"200\" height=\"200\" \/><\/a>Acad\u00eamicas Andr\u00e9ia Skupien Bianchini e Ketrin Cristina Gabriel recebendo a premia\u00e7\u00e3o.<\/p>\n<p>&nbsp;<\/p>\n<p style=\"text-align: center\"><a href=\"https:\/\/wp.ufpel.edu.br\/cursodeturismo\/files\/2017\/07\/gisle3-768x432.jpg\" target=\"_blank\" rel=\"noopener\"><img loading=\"lazy\" decoding=\"async\" class=\"aligncenter wp-image-854 size-thumbnail\" title=\"Grupo de alunos e servidoras do Curso de Bacharelado em Turismo da UFPel\" src=\"https:\/\/wp.ufpel.edu.br\/cursodeturismo\/files\/2017\/07\/gisle3-768x432-200x200.jpg\" alt=\"\" width=\"200\" height=\"200\" \/><\/a>Grupo de alunos e servidoras do Curso de Bacharelado em Turismo da UFPel<\/p>\n","protected":false},"excerpt":{"rendered":"<p>Acad\u00eamicos do Curso de Bacharelado em Turismo da Universidade Federal de Pelotas participaram do 12\u00ba Festival das Cataratas. O evento promove em suas atividades complementares o F\u00f3rum Internacional de Turismo do Iguassu, consolidado como o maior evento t\u00e9cnico-cient\u00edfico do setor no Brasil. De acordo com o site do evento, mais de 1,1 mil estudantes e &hellip; <\/p>\n<p><a class=\"more-link btn\" href=\"https:\/\/wp.ufpel.edu.br\/cursodeturismo\/2017\/07\/24\/ufpel-se-destaca-em-forum-internacional-de-turismo\/\">Continue lendo<\/a><\/p>\n","protected":false},"author":115,"featured_media":0,"comment_status":"closed","ping_status":"closed","sticky":false,"template":"","format":"standard","meta":{"_jetpack_memberships_contains_paid_content":false,"footnotes":""},"categories":[18],"tags":[],"class_list":["post-850","post","type-post","status-publish","format-standard","hentry","category-editais","item-wrap"],"jetpack_featured_media_url":"","jetpack_sharing_enabled":true,"_links":{"self":[{"href":"https:\/\/wp.ufpel.edu.br\/cursodeturismo\/wp-json\/wp\/v2\/posts\/850","targetHints":{"allow":["GET"]}}],"collection":[{"href":"https:\/\/wp.ufpel.edu.br\/cursodeturismo\/wp-json\/wp\/v2\/posts"}],"about":[{"href":"https:\/\/wp.ufpel.edu.br\/cursodeturismo\/wp-json\/wp\/v2\/types\/post"}],"author":[{"embeddable":true,"href":"https:\/\/wp.ufpel.edu.br\/cursodeturismo\/wp-json\/wp\/v2\/users\/115"}],"replies":[{"embeddable":true,"href":"https:\/\/wp.ufpel.edu.br\/cursodeturismo\/wp-json\/wp\/v2\/comments?post=850"}],"version-history":[{"count":6,"href":"https:\/\/wp.ufpel.edu.br\/cursodeturismo\/wp-json\/wp\/v2\/posts\/850\/revisions"}],"predecessor-version":[{"id":860,"href":"https:\/\/wp.ufpel.edu.br\/cursodeturismo\/wp-json\/wp\/v2\/posts\/850\/revisions\/860"}],"wp:attachment":[{"href":"https:\/\/wp.ufpel.edu.br\/cursodeturismo\/wp-json\/wp\/v2\/media?parent=850"}],"wp:term":[{"taxonomy":"category","embeddable":true,"href":"https:\/\/wp.ufpel.edu.br\/cursodeturismo\/wp-json\/wp\/v2\/categories?post=850"},{"taxonomy":"post_tag","embeddable":true,"href":"https:\/\/wp.ufpel.edu.br\/cursodeturismo\/wp-json\/wp\/v2\/tags?post=850"}],"curies":[{"name":"wp","href":"https:\/\/api.w.org\/{rel}","templated":true}]}}