{"id":829,"date":"2017-06-19T14:30:56","date_gmt":"2017-06-19T17:30:56","guid":{"rendered":"https:\/\/wp.ufpel.edu.br\/cursodeturismo\/?p=829"},"modified":"2017-06-19T14:30:56","modified_gmt":"2017-06-19T17:30:56","slug":"projeto-nos-busca-voluntarios-para-extensao","status":"publish","type":"post","link":"https:\/\/wp.ufpel.edu.br\/cursodeturismo\/2017\/06\/19\/projeto-nos-busca-voluntarios-para-extensao\/","title":{"rendered":"Projeto N\u00f3s busca volunt\u00e1rios para extens\u00e3o"},"content":{"rendered":"<p>O Projeto N\u00f3s est\u00e1 planejando a\u00e7\u00f5es de promo\u00e7\u00e3o da diversidade na FAT e, para isso, busca volunt\u00e1rios de cursos de gradua\u00e7\u00e3o e p\u00f3s-gradua\u00e7\u00e3o. Se voc\u00ea cursa Administra\u00e7\u00e3o, Processos Gerenciais, Gest\u00e3o P\u00fablica, Turismo ou qualquer curso de P\u00f3s-Gradua\u00e7\u00e3o na FAT e quer integrar o projeto de extens\u00e3o, entre em contato pelo email\u00a0<a href=\"mailto:carolcasali@gmail.com\">carolcasali@gmail.com<\/a>\u00a0(Assunto: Projeto N\u00f3s), at\u00e9 dia 30 de junho de 2017.<\/p>\n","protected":false},"excerpt":{"rendered":"<p>O Projeto N\u00f3s est\u00e1 planejando a\u00e7\u00f5es de promo\u00e7\u00e3o da diversidade na FAT e, para isso, busca volunt\u00e1rios de cursos de gradua\u00e7\u00e3o e p\u00f3s-gradua\u00e7\u00e3o. Se voc\u00ea cursa Administra\u00e7\u00e3o, Processos Gerenciais, Gest\u00e3o P\u00fablica, Turismo ou qualquer curso de P\u00f3s-Gradua\u00e7\u00e3o na FAT e quer integrar o projeto de extens\u00e3o, entre em contato pelo email\u00a0carolcasali@gmail.com\u00a0(Assunto: Projeto N\u00f3s), at\u00e9 dia &hellip; <\/p>\n<p><a class=\"more-link btn\" href=\"https:\/\/wp.ufpel.edu.br\/cursodeturismo\/2017\/06\/19\/projeto-nos-busca-voluntarios-para-extensao\/\">Continue lendo<\/a><\/p>\n","protected":false},"author":115,"featured_media":0,"comment_status":"closed","ping_status":"closed","sticky":false,"template":"","format":"standard","meta":{"_jetpack_memberships_contains_paid_content":false,"footnotes":""},"categories":[18],"tags":[],"class_list":["post-829","post","type-post","status-publish","format-standard","hentry","category-editais","item-wrap"],"jetpack_featured_media_url":"","jetpack_sharing_enabled":true,"_links":{"self":[{"href":"https:\/\/wp.ufpel.edu.br\/cursodeturismo\/wp-json\/wp\/v2\/posts\/829","targetHints":{"allow":["GET"]}}],"collection":[{"href":"https:\/\/wp.ufpel.edu.br\/cursodeturismo\/wp-json\/wp\/v2\/posts"}],"about":[{"href":"https:\/\/wp.ufpel.edu.br\/cursodeturismo\/wp-json\/wp\/v2\/types\/post"}],"author":[{"embeddable":true,"href":"https:\/\/wp.ufpel.edu.br\/cursodeturismo\/wp-json\/wp\/v2\/users\/115"}],"replies":[{"embeddable":true,"href":"https:\/\/wp.ufpel.edu.br\/cursodeturismo\/wp-json\/wp\/v2\/comments?post=829"}],"version-history":[{"count":1,"href":"https:\/\/wp.ufpel.edu.br\/cursodeturismo\/wp-json\/wp\/v2\/posts\/829\/revisions"}],"predecessor-version":[{"id":831,"href":"https:\/\/wp.ufpel.edu.br\/cursodeturismo\/wp-json\/wp\/v2\/posts\/829\/revisions\/831"}],"wp:attachment":[{"href":"https:\/\/wp.ufpel.edu.br\/cursodeturismo\/wp-json\/wp\/v2\/media?parent=829"}],"wp:term":[{"taxonomy":"category","embeddable":true,"href":"https:\/\/wp.ufpel.edu.br\/cursodeturismo\/wp-json\/wp\/v2\/categories?post=829"},{"taxonomy":"post_tag","embeddable":true,"href":"https:\/\/wp.ufpel.edu.br\/cursodeturismo\/wp-json\/wp\/v2\/tags?post=829"}],"curies":[{"name":"wp","href":"https:\/\/api.w.org\/{rel}","templated":true}]}}