{"id":764,"date":"2017-05-02T15:39:52","date_gmt":"2017-05-02T18:39:52","guid":{"rendered":"https:\/\/wp.ufpel.edu.br\/cursodeturismo\/?p=764"},"modified":"2017-05-02T15:39:52","modified_gmt":"2017-05-02T18:39:52","slug":"aula-inaugural-com-o-prof-edar-anana","status":"publish","type":"post","link":"https:\/\/wp.ufpel.edu.br\/cursodeturismo\/2017\/05\/02\/aula-inaugural-com-o-prof-edar-anana\/","title":{"rendered":"AULA INAUGURAL COM O PROF. EDAR A\u00d1A\u00d1A"},"content":{"rendered":"<p>Prezados alunos e professores:<\/p>\n<p>\u00c9 com muita satisfa\u00e7\u00e3o que a Coordena\u00e7\u00e3o do Curso de Bacharelado em Turismo tem a honra de convidar os alunos e os professores para a sua Aula Inaugural, a ser ministrada pelo Prof. Dr. Edar A\u00f1a\u00f1a, da FAT\/UFPEL.<\/p>\n<p>Data: 05 de Maio de 2017<\/p>\n<p>Hor\u00e1rio: 19:00 horas.<\/p>\n<p>Local: Audit\u00f3rio da Reitoria. 4\u00ba Andar \u2013 Campus Porto.<\/p>\n<p>Na aula ser\u00e3o apresentados reflex\u00f5es e relato da experi\u00eancia de P\u00f3s-Doutorado em Turismo do Prof. A\u00f1a\u00f1a.<\/p>\n<p>Sejam todos bem-vindos!<\/p>\n","protected":false},"excerpt":{"rendered":"<p>Prezados alunos e professores: \u00c9 com muita satisfa\u00e7\u00e3o que a Coordena\u00e7\u00e3o do Curso de Bacharelado em Turismo tem a honra de convidar os alunos e os professores para a sua Aula Inaugural, a ser ministrada pelo Prof. Dr. Edar A\u00f1a\u00f1a, da FAT\/UFPEL. Data: 05 de Maio de 2017 Hor\u00e1rio: 19:00 horas. Local: Audit\u00f3rio da Reitoria. &hellip; <\/p>\n<p><a class=\"more-link btn\" href=\"https:\/\/wp.ufpel.edu.br\/cursodeturismo\/2017\/05\/02\/aula-inaugural-com-o-prof-edar-anana\/\">Continue lendo<\/a><\/p>\n","protected":false},"author":115,"featured_media":0,"comment_status":"closed","ping_status":"closed","sticky":false,"template":"","format":"standard","meta":{"_jetpack_memberships_contains_paid_content":false,"footnotes":""},"categories":[18],"tags":[],"class_list":["post-764","post","type-post","status-publish","format-standard","hentry","category-editais","item-wrap"],"jetpack_featured_media_url":"","jetpack_sharing_enabled":true,"_links":{"self":[{"href":"https:\/\/wp.ufpel.edu.br\/cursodeturismo\/wp-json\/wp\/v2\/posts\/764","targetHints":{"allow":["GET"]}}],"collection":[{"href":"https:\/\/wp.ufpel.edu.br\/cursodeturismo\/wp-json\/wp\/v2\/posts"}],"about":[{"href":"https:\/\/wp.ufpel.edu.br\/cursodeturismo\/wp-json\/wp\/v2\/types\/post"}],"author":[{"embeddable":true,"href":"https:\/\/wp.ufpel.edu.br\/cursodeturismo\/wp-json\/wp\/v2\/users\/115"}],"replies":[{"embeddable":true,"href":"https:\/\/wp.ufpel.edu.br\/cursodeturismo\/wp-json\/wp\/v2\/comments?post=764"}],"version-history":[{"count":1,"href":"https:\/\/wp.ufpel.edu.br\/cursodeturismo\/wp-json\/wp\/v2\/posts\/764\/revisions"}],"predecessor-version":[{"id":766,"href":"https:\/\/wp.ufpel.edu.br\/cursodeturismo\/wp-json\/wp\/v2\/posts\/764\/revisions\/766"}],"wp:attachment":[{"href":"https:\/\/wp.ufpel.edu.br\/cursodeturismo\/wp-json\/wp\/v2\/media?parent=764"}],"wp:term":[{"taxonomy":"category","embeddable":true,"href":"https:\/\/wp.ufpel.edu.br\/cursodeturismo\/wp-json\/wp\/v2\/categories?post=764"},{"taxonomy":"post_tag","embeddable":true,"href":"https:\/\/wp.ufpel.edu.br\/cursodeturismo\/wp-json\/wp\/v2\/tags?post=764"}],"curies":[{"name":"wp","href":"https:\/\/api.w.org\/{rel}","templated":true}]}}