{"id":523,"date":"2015-11-24T21:24:21","date_gmt":"2015-11-24T23:24:21","guid":{"rendered":"https:\/\/wp.ufpel.edu.br\/cursodeturismo\/?p=523"},"modified":"2015-11-24T21:24:21","modified_gmt":"2015-11-24T23:24:21","slug":"formatura-alunos-20152","status":"publish","type":"post","link":"https:\/\/wp.ufpel.edu.br\/cursodeturismo\/2015\/11\/24\/formatura-alunos-20152\/","title":{"rendered":"FORMATURA ALUNOS 2015\/2"},"content":{"rendered":"<p>Caros alunos,<\/p>\n<p>Pedimos, por gentileza, que aqueles que ir\u00e3o concluir o curso no semestre de 2015\/2 deixem os seus nomes junto a secretaria do colegiado do curso para que possa ser encaminhado ao DRA a lista de prov\u00e1veis formandos. Precisamos da lista, tamb\u00e9m, para que a dire\u00e7\u00e3o se organize para determinar a data de cola\u00e7\u00e3o interna.<\/p>\n<p>Att,<\/p>\n<p>Colegiados FAT<\/p>\n","protected":false},"excerpt":{"rendered":"<p>Caros alunos, Pedimos, por gentileza, que aqueles que ir\u00e3o concluir o curso no semestre de 2015\/2 deixem os seus nomes junto a secretaria do colegiado do curso para que possa ser encaminhado ao DRA a lista de prov\u00e1veis formandos. Precisamos da lista, tamb\u00e9m, para que a dire\u00e7\u00e3o se organize para determinar a data de cola\u00e7\u00e3o &hellip; <\/p>\n<p><a class=\"more-link btn\" href=\"https:\/\/wp.ufpel.edu.br\/cursodeturismo\/2015\/11\/24\/formatura-alunos-20152\/\">Continue lendo<\/a><\/p>\n","protected":false},"author":115,"featured_media":0,"comment_status":"closed","ping_status":"closed","sticky":false,"template":"","format":"standard","meta":{"_jetpack_memberships_contains_paid_content":false,"footnotes":""},"categories":[18],"tags":[],"class_list":["post-523","post","type-post","status-publish","format-standard","hentry","category-editais","item-wrap"],"jetpack_featured_media_url":"","jetpack_sharing_enabled":true,"_links":{"self":[{"href":"https:\/\/wp.ufpel.edu.br\/cursodeturismo\/wp-json\/wp\/v2\/posts\/523","targetHints":{"allow":["GET"]}}],"collection":[{"href":"https:\/\/wp.ufpel.edu.br\/cursodeturismo\/wp-json\/wp\/v2\/posts"}],"about":[{"href":"https:\/\/wp.ufpel.edu.br\/cursodeturismo\/wp-json\/wp\/v2\/types\/post"}],"author":[{"embeddable":true,"href":"https:\/\/wp.ufpel.edu.br\/cursodeturismo\/wp-json\/wp\/v2\/users\/115"}],"replies":[{"embeddable":true,"href":"https:\/\/wp.ufpel.edu.br\/cursodeturismo\/wp-json\/wp\/v2\/comments?post=523"}],"version-history":[{"count":1,"href":"https:\/\/wp.ufpel.edu.br\/cursodeturismo\/wp-json\/wp\/v2\/posts\/523\/revisions"}],"predecessor-version":[{"id":524,"href":"https:\/\/wp.ufpel.edu.br\/cursodeturismo\/wp-json\/wp\/v2\/posts\/523\/revisions\/524"}],"wp:attachment":[{"href":"https:\/\/wp.ufpel.edu.br\/cursodeturismo\/wp-json\/wp\/v2\/media?parent=523"}],"wp:term":[{"taxonomy":"category","embeddable":true,"href":"https:\/\/wp.ufpel.edu.br\/cursodeturismo\/wp-json\/wp\/v2\/categories?post=523"},{"taxonomy":"post_tag","embeddable":true,"href":"https:\/\/wp.ufpel.edu.br\/cursodeturismo\/wp-json\/wp\/v2\/tags?post=523"}],"curies":[{"name":"wp","href":"https:\/\/api.w.org\/{rel}","templated":true}]}}