{"id":2229,"date":"2023-08-29T13:14:21","date_gmt":"2023-08-29T16:14:21","guid":{"rendered":"https:\/\/wp.ufpel.edu.br\/cursodeturismo\/?p=2229"},"modified":"2023-08-29T13:17:30","modified_gmt":"2023-08-29T16:17:30","slug":"chamada-publica-curso-de-aperfeicoamento-para-guia-de-turismo-de-pelotas","status":"publish","type":"post","link":"https:\/\/wp.ufpel.edu.br\/cursodeturismo\/2023\/08\/29\/chamada-publica-curso-de-aperfeicoamento-para-guia-de-turismo-de-pelotas\/","title":{"rendered":"Chamada P\u00fablica \u2013 Curso de Aperfei\u00e7oamento para Guia de Turismo de Pelotas"},"content":{"rendered":"<p style=\"text-align: justify;\">O Curso de Bacharelado em Turismo, em conjunto com a Pr\u00f3-reitora de Extens\u00e3o (PREC), da Universidade Federal de Pelotas e a Rede de Museus de Pelotas divulga a Chamada P\u00fablica para sele\u00e7\u00e3o de volunt\u00e1rios para exercer atividades na Secretaria, no Receptivo e no Marketing no Curso de Aperfei\u00e7oamento para Guias de Turismo de Pelotas, que vai acontecer no Museu do Doce no per\u00edodo de 11 a 15 de setembro de 2023.<\/p>\n<p style=\"text-align: justify;\">Selecionar alunos para atuar na Secretaria, no Receptivo e no Marketing durante o Curso de Aperfei\u00e7oamento para Guias de Turismo de Pelotas, que ocorrer\u00e1 no per\u00edodo de 11 a 15 de setembro de 2023 das 16h \u00e0s 18h30min.<\/p>\n<p style=\"text-align: justify;\">Os alunos trabalhar\u00e3o nos hor\u00e1rios das 15h \u00e0s 19h, sendo selecionados para atuarem:<\/p>\n<p style=\"text-align: justify;\"><strong>Secretaria (m\u00ednimo de 2 alunos):<\/strong> organiza\u00e7\u00e3o dos espa\u00e7os (cadeiras para palestrantes etc); verifica\u00e7\u00e3o do som, data show; organiza\u00e7\u00e3o (mesas e utens\u00edlios para \u00e1gua, caf\u00e9, etc.) e cerimonial.<\/p>\n<p style=\"text-align: justify;\"><strong>Receptivo (m\u00ednimo de 2 alunos):<\/strong> organiza\u00e7\u00e3o das listas, cadastramento e materiais.<\/p>\n<p style=\"text-align: justify;\"><strong>Marketing: (m\u00ednimo de 2 alunos):<\/strong> divulga\u00e7\u00e3o interna e externa \u00e0 Ufpel, juntamente com a PREC, bem como nas redes e m\u00eddias sociais; registro fotogr\u00e1fico do evento.<\/p>\n<p style=\"text-align: justify;\">Os alunos que n\u00e3o puderem comparecer todos os dias do evento, mas que quiserem se inscrever devem deixar os dias dispon\u00edveis no formul\u00e1rio de inscri\u00e7\u00e3o.<br \/>\nOs alunos devem manifestar interesse atrav\u00e9s do formul\u00e1rio at\u00e9 o dia 31\/08\/2023:<br \/>\n<a href=\"https:\/\/docs.google.com\/forms\/d\/e\/1FAIpQLScKs3R32-EtydT5Ct494IanyJY7zsLa-p3GRpsKPDovI4Bwtw\/viewform\">https:\/\/docs.google.com\/forms\/d\/e\/1FAIpQLScKs3R32 EtydT5Ct494IanyJY7zsLap3GRpsKPDovI4Bwtw\/viewform?usp=sf_link<\/a><\/p>\n<p style=\"text-align: justify;\">A Prof. Dra. Nat\u00e1lia de Sousa Aldrigue, coordenadora do curso de Turismo, far\u00e1 a sele\u00e7\u00e3o, seguindo os seguintes crit\u00e9rios:<\/p>\n<p style=\"text-align: justify;\">&#8211;\u00a0 Ser aluno regular da Universidade Federal de Pelotas, preferencialmente do Curso de Turismo;<br \/>\n&#8211; Ter disponibilidade de ao menos 2 dias do evento;<br \/>\n&#8211; Poder\u00e1 ser feita entrevista com o aluno caso o n\u00famero de inscritos seja superior ao n\u00famero de vagas.<br \/>\nSer\u00e3o selecionados alunos efetivos e suplentes para que o evento seja coberto em toda sua carga hor\u00e1ria.<\/p>\n<p style=\"text-align: justify;\">Os alunos participantes receber\u00e3o certificado com as horas trabalhadas que poder\u00e1 ser aproveitado nas Atividades Complementares.<\/p>\n<p style=\"text-align: justify;\">D\u00favidas dever\u00e3o ser encaminhadas para o e-mail, nataldrigue@gmail.com<\/p>\n","protected":false},"excerpt":{"rendered":"<p>O Curso de Bacharelado em Turismo, em conjunto com a Pr\u00f3-reitora de Extens\u00e3o (PREC), da Universidade Federal de Pelotas e a Rede de Museus de Pelotas divulga a Chamada P\u00fablica para sele\u00e7\u00e3o de volunt\u00e1rios para exercer atividades na Secretaria, no Receptivo e no Marketing no Curso de Aperfei\u00e7oamento para Guias de Turismo de Pelotas, que &hellip; <\/p>\n<p><a class=\"more-link btn\" href=\"https:\/\/wp.ufpel.edu.br\/cursodeturismo\/2023\/08\/29\/chamada-publica-curso-de-aperfeicoamento-para-guia-de-turismo-de-pelotas\/\">Continue lendo<\/a><\/p>\n","protected":false},"author":115,"featured_media":0,"comment_status":"closed","ping_status":"closed","sticky":false,"template":"","format":"standard","meta":{"_jetpack_memberships_contains_paid_content":false,"footnotes":""},"categories":[18],"tags":[],"class_list":["post-2229","post","type-post","status-publish","format-standard","hentry","category-editais","item-wrap"],"jetpack_featured_media_url":"","jetpack_sharing_enabled":true,"_links":{"self":[{"href":"https:\/\/wp.ufpel.edu.br\/cursodeturismo\/wp-json\/wp\/v2\/posts\/2229","targetHints":{"allow":["GET"]}}],"collection":[{"href":"https:\/\/wp.ufpel.edu.br\/cursodeturismo\/wp-json\/wp\/v2\/posts"}],"about":[{"href":"https:\/\/wp.ufpel.edu.br\/cursodeturismo\/wp-json\/wp\/v2\/types\/post"}],"author":[{"embeddable":true,"href":"https:\/\/wp.ufpel.edu.br\/cursodeturismo\/wp-json\/wp\/v2\/users\/115"}],"replies":[{"embeddable":true,"href":"https:\/\/wp.ufpel.edu.br\/cursodeturismo\/wp-json\/wp\/v2\/comments?post=2229"}],"version-history":[{"count":3,"href":"https:\/\/wp.ufpel.edu.br\/cursodeturismo\/wp-json\/wp\/v2\/posts\/2229\/revisions"}],"predecessor-version":[{"id":2233,"href":"https:\/\/wp.ufpel.edu.br\/cursodeturismo\/wp-json\/wp\/v2\/posts\/2229\/revisions\/2233"}],"wp:attachment":[{"href":"https:\/\/wp.ufpel.edu.br\/cursodeturismo\/wp-json\/wp\/v2\/media?parent=2229"}],"wp:term":[{"taxonomy":"category","embeddable":true,"href":"https:\/\/wp.ufpel.edu.br\/cursodeturismo\/wp-json\/wp\/v2\/categories?post=2229"},{"taxonomy":"post_tag","embeddable":true,"href":"https:\/\/wp.ufpel.edu.br\/cursodeturismo\/wp-json\/wp\/v2\/tags?post=2229"}],"curies":[{"name":"wp","href":"https:\/\/api.w.org\/{rel}","templated":true}]}}