{"id":2147,"date":"2023-08-01T06:54:15","date_gmt":"2023-08-01T09:54:15","guid":{"rendered":"https:\/\/wp.ufpel.edu.br\/cursodeturismo\/?p=2147"},"modified":"2023-08-02T19:40:16","modified_gmt":"2023-08-02T22:40:16","slug":"live-anptur-turismo-e-politicas-publicas","status":"publish","type":"post","link":"https:\/\/wp.ufpel.edu.br\/cursodeturismo\/2023\/08\/01\/live-anptur-turismo-e-politicas-publicas\/","title":{"rendered":"Live Anptur: Turismo e Pol\u00edticas P\u00fablicas"},"content":{"rendered":"<p>A \u201cTurismo e Pol\u00edticas P\u00fablicas\u201d acontece no dia<strong>\u00a003\/08, das 18h \u00e0s 19:30h<\/strong>, com: &#8211; La\u00eds Campelo (MTur) &#8211; Ot\u00e1vio Leite (Doutorando em Turismo, Deputado Federal por 13 anos, relator do Novo FUNGETUR na C\u00e2mara dos Deputados) &#8211; Thiago Pimentel (UFJF) &#8211; Leilianne Barreto (UFRN) &#8211; moderadora.<\/p>\n<p><strong>Link Youtube:<\/strong>\u00a0<a href=\"https:\/\/www.youtube.com\/watch?v=cPbjoBAXyO0\">https:\/\/www.youtube.com\/watch?v=cPbjoBAXyO0<\/a><\/p>\n<p>&nbsp;<\/p>\n<p><a href=\"https:\/\/wp.ufpel.edu.br\/cursodeturismo\/files\/2023\/08\/ANPTUR-2021-1280-x-720-px-Post-para-Instagram-quadrado-4.png\"><img loading=\"lazy\" decoding=\"async\" class=\"alignnone size-medium wp-image-2149\" src=\"https:\/\/wp.ufpel.edu.br\/cursodeturismo\/files\/2023\/08\/ANPTUR-2021-1280-x-720-px-Post-para-Instagram-quadrado-4-400x400.png\" alt=\"\" width=\"400\" height=\"400\" srcset=\"https:\/\/wp.ufpel.edu.br\/cursodeturismo\/files\/2023\/08\/ANPTUR-2021-1280-x-720-px-Post-para-Instagram-quadrado-4-400x400.png 400w, https:\/\/wp.ufpel.edu.br\/cursodeturismo\/files\/2023\/08\/ANPTUR-2021-1280-x-720-px-Post-para-Instagram-quadrado-4-1024x1024.png 1024w, https:\/\/wp.ufpel.edu.br\/cursodeturismo\/files\/2023\/08\/ANPTUR-2021-1280-x-720-px-Post-para-Instagram-quadrado-4-200x200.png 200w, https:\/\/wp.ufpel.edu.br\/cursodeturismo\/files\/2023\/08\/ANPTUR-2021-1280-x-720-px-Post-para-Instagram-quadrado-4-768x768.png 768w, https:\/\/wp.ufpel.edu.br\/cursodeturismo\/files\/2023\/08\/ANPTUR-2021-1280-x-720-px-Post-para-Instagram-quadrado-4-750x750.png 750w, https:\/\/wp.ufpel.edu.br\/cursodeturismo\/files\/2023\/08\/ANPTUR-2021-1280-x-720-px-Post-para-Instagram-quadrado-4.png 1080w\" sizes=\"auto, (max-width: 400px) 100vw, 400px\" \/><\/a><\/p>\n","protected":false},"excerpt":{"rendered":"<p>A \u201cTurismo e Pol\u00edticas P\u00fablicas\u201d acontece no dia\u00a003\/08, das 18h \u00e0s 19:30h, com: &#8211; La\u00eds Campelo (MTur) &#8211; Ot\u00e1vio Leite (Doutorando em Turismo, Deputado Federal por 13 anos, relator do Novo FUNGETUR na C\u00e2mara dos Deputados) &#8211; Thiago Pimentel (UFJF) &#8211; Leilianne Barreto (UFRN) &#8211; moderadora. Link Youtube:\u00a0https:\/\/www.youtube.com\/watch?v=cPbjoBAXyO0 &nbsp;<\/p>\n","protected":false},"author":115,"featured_media":0,"comment_status":"closed","ping_status":"closed","sticky":false,"template":"","format":"standard","meta":{"_jetpack_memberships_contains_paid_content":false,"footnotes":""},"categories":[14201],"tags":[],"class_list":["post-2147","post","type-post","status-publish","format-standard","hentry","category-eventos","item-wrap"],"jetpack_featured_media_url":"","jetpack_sharing_enabled":true,"_links":{"self":[{"href":"https:\/\/wp.ufpel.edu.br\/cursodeturismo\/wp-json\/wp\/v2\/posts\/2147","targetHints":{"allow":["GET"]}}],"collection":[{"href":"https:\/\/wp.ufpel.edu.br\/cursodeturismo\/wp-json\/wp\/v2\/posts"}],"about":[{"href":"https:\/\/wp.ufpel.edu.br\/cursodeturismo\/wp-json\/wp\/v2\/types\/post"}],"author":[{"embeddable":true,"href":"https:\/\/wp.ufpel.edu.br\/cursodeturismo\/wp-json\/wp\/v2\/users\/115"}],"replies":[{"embeddable":true,"href":"https:\/\/wp.ufpel.edu.br\/cursodeturismo\/wp-json\/wp\/v2\/comments?post=2147"}],"version-history":[{"count":5,"href":"https:\/\/wp.ufpel.edu.br\/cursodeturismo\/wp-json\/wp\/v2\/posts\/2147\/revisions"}],"predecessor-version":[{"id":2202,"href":"https:\/\/wp.ufpel.edu.br\/cursodeturismo\/wp-json\/wp\/v2\/posts\/2147\/revisions\/2202"}],"wp:attachment":[{"href":"https:\/\/wp.ufpel.edu.br\/cursodeturismo\/wp-json\/wp\/v2\/media?parent=2147"}],"wp:term":[{"taxonomy":"category","embeddable":true,"href":"https:\/\/wp.ufpel.edu.br\/cursodeturismo\/wp-json\/wp\/v2\/categories?post=2147"},{"taxonomy":"post_tag","embeddable":true,"href":"https:\/\/wp.ufpel.edu.br\/cursodeturismo\/wp-json\/wp\/v2\/tags?post=2147"}],"curies":[{"name":"wp","href":"https:\/\/api.w.org\/{rel}","templated":true}]}}