{"id":1289,"date":"2019-09-03T16:43:40","date_gmt":"2019-09-03T19:43:40","guid":{"rendered":"https:\/\/wp.ufpel.edu.br\/cursodeturismo\/?p=1289"},"modified":"2019-09-03T16:43:40","modified_gmt":"2019-09-03T19:43:40","slug":"a-4a-edicao-do-cafe-com-turismo-trouxe-tematica-sobre-o-setor-de-eventos","status":"publish","type":"post","link":"https:\/\/wp.ufpel.edu.br\/cursodeturismo\/2019\/09\/03\/a-4a-edicao-do-cafe-com-turismo-trouxe-tematica-sobre-o-setor-de-eventos\/","title":{"rendered":"A 4\u00aa edi\u00e7\u00e3o do Caf\u00e9 com Turismo trouxe tem\u00e1tica sobre o setor de  eventos"},"content":{"rendered":"<p>No dia 21 de agosto de 2019, a Coordena\u00e7\u00e3o do Curso de Bacharelado em<br \/>\nTurismo, em parceria com o Escrit\u00f3rio de Eventos e o Diret\u00f3rio Acad\u00eamico do<br \/>\nCurso de Turismo \u2013 DATur, realizou a quarta edi\u00e7\u00e3o do Caf\u00e9 com Turismo. O<br \/>\nevento consiste em rodas de conversa com egressos do Curso de Turismo da<br \/>\nUFPel e profissionais da \u00e1rea, para que os alunos possam entender melhor<br \/>\ntanto a realidade do mundo do trabalho como realizar trocas de experi\u00eancias,<br \/>\ncriando um espa\u00e7o de di\u00e1logo entre discentes de outros cursos, egressos e<br \/>\nprofessores.<br \/>\nA primeira edi\u00e7\u00e3o do segundo semestre de 2019 contou com a presen\u00e7a de<br \/>\nEduarda Caldeira Peres Nogueira, egressa do curso que atua na \u00e1rea de<br \/>\neventos e propriet\u00e1ria da empresa Maximize Produ\u00e7\u00f5es. Eduarda trouxe<br \/>\nrelatos sobre sua trajet\u00f3ria acad\u00eamica na Universidade Federal de Pelotas e as<br \/>\ncontribui\u00e7\u00f5es do Curso de Turismo para sua atua\u00e7\u00e3o profissional, bem como a<br \/>\ncria\u00e7\u00e3o da rede de contatos que estabeleceu ao longo da gradua\u00e7\u00e3o.<br \/>\nAo fim, ressaltou as dificuldades ao longo da carreira por ser mulher e,<br \/>\nprincipalmente, propriet\u00e1ria de uma empresa, e como a experi\u00eancia e o<br \/>\naprendizado enquanto estudante do Curso de Turismo propiciaram ter uma<br \/>\nvis\u00e3o diferenciada do ramo.<br \/>\nO evento Caf\u00e9 com Turismo est\u00e1 aberto a toda a comunidade acad\u00eamica da<br \/>\nUFPel e demais interessados no tema do Turismo, sendo a participa\u00e7\u00e3o<br \/>\ngratuita. Os encontros ocorrem uma vez ao m\u00eas, \u00e0s 17h, nos audit\u00f3rios do 4\u00ba<br \/>\nandar \u2013 Campus Anglo.<\/p>\n<p>&nbsp;<\/p>\n<p><a href=\"https:\/\/wp.ufpel.edu.br\/cursodeturismo\/files\/2019\/09\/Imagem1.png\"><img loading=\"lazy\" decoding=\"async\" class=\"wp-image-1291 alignleft\" src=\"https:\/\/wp.ufpel.edu.br\/cursodeturismo\/files\/2019\/09\/Imagem1-1024x653.png\" alt=\"\" width=\"584\" height=\"372\" srcset=\"https:\/\/wp.ufpel.edu.br\/cursodeturismo\/files\/2019\/09\/Imagem1-1024x653.png 1024w, https:\/\/wp.ufpel.edu.br\/cursodeturismo\/files\/2019\/09\/Imagem1-400x255.png 400w, https:\/\/wp.ufpel.edu.br\/cursodeturismo\/files\/2019\/09\/Imagem1-768x490.png 768w, https:\/\/wp.ufpel.edu.br\/cursodeturismo\/files\/2019\/09\/Imagem1.png 1300w\" sizes=\"auto, (max-width: 584px) 100vw, 584px\" \/><\/a><\/p>\n","protected":false},"excerpt":{"rendered":"<p>No dia 21 de agosto de 2019, a Coordena\u00e7\u00e3o do Curso de Bacharelado em Turismo, em parceria com o Escrit\u00f3rio de Eventos e o Diret\u00f3rio Acad\u00eamico do Curso de Turismo \u2013 DATur, realizou a quarta edi\u00e7\u00e3o do Caf\u00e9 com Turismo. O evento consiste em rodas de conversa com egressos do Curso de Turismo da UFPel &hellip; <\/p>\n<p><a class=\"more-link btn\" href=\"https:\/\/wp.ufpel.edu.br\/cursodeturismo\/2019\/09\/03\/a-4a-edicao-do-cafe-com-turismo-trouxe-tematica-sobre-o-setor-de-eventos\/\">Continue lendo<\/a><\/p>\n","protected":false},"author":115,"featured_media":0,"comment_status":"closed","ping_status":"closed","sticky":false,"template":"","format":"standard","meta":{"_jetpack_memberships_contains_paid_content":false,"footnotes":""},"categories":[18],"tags":[],"class_list":["post-1289","post","type-post","status-publish","format-standard","hentry","category-editais","item-wrap"],"jetpack_featured_media_url":"","jetpack_sharing_enabled":true,"_links":{"self":[{"href":"https:\/\/wp.ufpel.edu.br\/cursodeturismo\/wp-json\/wp\/v2\/posts\/1289","targetHints":{"allow":["GET"]}}],"collection":[{"href":"https:\/\/wp.ufpel.edu.br\/cursodeturismo\/wp-json\/wp\/v2\/posts"}],"about":[{"href":"https:\/\/wp.ufpel.edu.br\/cursodeturismo\/wp-json\/wp\/v2\/types\/post"}],"author":[{"embeddable":true,"href":"https:\/\/wp.ufpel.edu.br\/cursodeturismo\/wp-json\/wp\/v2\/users\/115"}],"replies":[{"embeddable":true,"href":"https:\/\/wp.ufpel.edu.br\/cursodeturismo\/wp-json\/wp\/v2\/comments?post=1289"}],"version-history":[{"count":1,"href":"https:\/\/wp.ufpel.edu.br\/cursodeturismo\/wp-json\/wp\/v2\/posts\/1289\/revisions"}],"predecessor-version":[{"id":1292,"href":"https:\/\/wp.ufpel.edu.br\/cursodeturismo\/wp-json\/wp\/v2\/posts\/1289\/revisions\/1292"}],"wp:attachment":[{"href":"https:\/\/wp.ufpel.edu.br\/cursodeturismo\/wp-json\/wp\/v2\/media?parent=1289"}],"wp:term":[{"taxonomy":"category","embeddable":true,"href":"https:\/\/wp.ufpel.edu.br\/cursodeturismo\/wp-json\/wp\/v2\/categories?post=1289"},{"taxonomy":"post_tag","embeddable":true,"href":"https:\/\/wp.ufpel.edu.br\/cursodeturismo\/wp-json\/wp\/v2\/tags?post=1289"}],"curies":[{"name":"wp","href":"https:\/\/api.w.org\/{rel}","templated":true}]}}