{"id":1209,"date":"2019-05-06T17:43:30","date_gmt":"2019-05-06T20:43:30","guid":{"rendered":"https:\/\/wp.ufpel.edu.br\/cursodeturismo\/?p=1209"},"modified":"2019-05-06T17:43:30","modified_gmt":"2019-05-06T20:43:30","slug":"evento-cafe-com-turismo","status":"publish","type":"post","link":"https:\/\/wp.ufpel.edu.br\/cursodeturismo\/2019\/05\/06\/evento-cafe-com-turismo\/","title":{"rendered":"Evento Caf\u00e9 Com Turismo"},"content":{"rendered":"<p style=\"text-align: justify\">A Coordena\u00e7\u00e3o do Curso de Bacharelado em Turismo da UFPEL, em parceria com o Escrit\u00f3rio de Eventos e com o Diret\u00f3rio Acad\u00eamico do Curso de Turismo, realiza o evento Caf\u00e9 Com Turismo no dia 8 de maio de 2019.<br \/>\nO evento consiste em rodas de conversa com egressos do Curso de Turismo e profissionais da \u00e1rea, para que os alunos possam entender melhor tanto a realidade do mercado de trabalho como realizar trocas de experi\u00eancias, dialogando tamb\u00e9m sobre as expect<span class=\"m_-6252143269355658143gmail-text_exposed_show\">ativas ap\u00f3s a gradua\u00e7\u00e3o.<\/span><\/p>\n<div class=\"m_-6252143269355658143gmail-text_exposed_show\">\n<p style=\"text-align: justify\">Acontece todas as segundas quartas-feiras do m\u00eas no Audit\u00f3rio Acad\u00eamico do Campus Anglo \u2013 4\u00ba andar, com certificado de 2 horas.<\/p>\n<p style=\"text-align: justify\">Participe do Caf\u00e9 Comunit\u00e1rio no intervalo do evento: traga seu copo\/caneca e traga seu lanche para compartilhar com os colegas!<\/p>\n<p style=\"text-align: justify\">Contamos com a presen\u00e7a de voc\u00eas!<\/p>\n<p style=\"text-align: justify\">Fa\u00e7a sua inscri\u00e7\u00e3o preliminar:<\/p>\n<p style=\"text-align: justify\"><a href=\"https:\/\/l.facebook.com\/l.php?u=https%3A%2F%2Fforms.gle%2FeJ9AtH14wPFuvv2H6%3Ffbclid%3DIwAR1-6SOzUQ69KJnj-UpRi5Zw9SSBj91t-swYVrAW5tjewVg0JH9lg91pBXo&amp;h=AT0M3JsLhkE9F5ds0_cyHin50mD-fnHQWzb9wpGkYJVQTD7S5VJBQS7yuln8M5pdz96JR9fLts3ElQekXqnHm5QaIKNmjxeJUrTBgdLHkwBJvi7Dy-BXCRLrjALBPG4lSV23E4q5LVpmCtWd_BKV9JM-_S1iBh53RsUjv3ispRbgdkub3xqeHDScQRtHNdls_Tt_krMQqyvg1nBXE91_7zuBGRHZ1paV2SZg39Axq4nuYxDhweojZdJrLCLZPskVX2rQHw30sNBCPrM5z7KyEQ5WXwgoXz8PJ3g5EBhBLAJlnki0ix_lbgLXyhQDoQ--BsCxOSmI5XR1b9cBPzipE-JtV77T64R71Mfy8QIc8rrsUGFsscrf7w0E5XStX9c9wQl9vzNfJ3_JUFXnsm4SPzV66NRJFwg-gJZgf-ODpYV6XgD4KNRlpBlLaAJgaG5WvmBhPiLIZ_GbeUWLsP-7Uhk9eVvK1GvkWMU6PnkoSLC_cDdlRQUdH7MCcvFOirQidgD6kylTvS2M--uQqS-wApZdxNm7UBrJElB4qSkKpPjTs6D9NSJXm70TmO2nAF1DMe0_5StdSqGhR7F20wKVUPSBrWKHrWWzBh6SQY_-NgLcdLCPNUUEcrLKNozWAxDdnxy-eTjc\" target=\"_blank\" rel=\"noopener nofollow noreferrer\" data-saferedirecturl=\"https:\/\/www.google.com\/url?q=https:\/\/l.facebook.com\/l.php?u%3Dhttps%253A%252F%252Fforms.gle%252FeJ9AtH14wPFuvv2H6%253Ffbclid%253DIwAR1-6SOzUQ69KJnj-UpRi5Zw9SSBj91t-swYVrAW5tjewVg0JH9lg91pBXo%26h%3DAT0M3JsLhkE9F5ds0_cyHin50mD-fnHQWzb9wpGkYJVQTD7S5VJBQS7yuln8M5pdz96JR9fLts3ElQekXqnHm5QaIKNmjxeJUrTBgdLHkwBJvi7Dy-BXCRLrjALBPG4lSV23E4q5LVpmCtWd_BKV9JM-_S1iBh53RsUjv3ispRbgdkub3xqeHDScQRtHNdls_Tt_krMQqyvg1nBXE91_7zuBGRHZ1paV2SZg39Axq4nuYxDhweojZdJrLCLZPskVX2rQHw30sNBCPrM5z7KyEQ5WXwgoXz8PJ3g5EBhBLAJlnki0ix_lbgLXyhQDoQ--BsCxOSmI5XR1b9cBPzipE-JtV77T64R71Mfy8QIc8rrsUGFsscrf7w0E5XStX9c9wQl9vzNfJ3_JUFXnsm4SPzV66NRJFwg-gJZgf-ODpYV6XgD4KNRlpBlLaAJgaG5WvmBhPiLIZ_GbeUWLsP-7Uhk9eVvK1GvkWMU6PnkoSLC_cDdlRQUdH7MCcvFOirQidgD6kylTvS2M--uQqS-wApZdxNm7UBrJElB4qSkKpPjTs6D9NSJXm70TmO2nAF1DMe0_5StdSqGhR7F20wKVUPSBrWKHrWWzBh6SQY_-NgLcdLCPNUUEcrLKNozWAxDdnxy-eTjc&amp;source=gmail&amp;ust=1557255905712000&amp;usg=AFQjCNGpWxm3lq--LETuht5V-baCiqlX4Q\">https:\/\/forms.gle\/eJ9AtH14wPFuvv2H6<\/a><\/p>\n<\/div>\n","protected":false},"excerpt":{"rendered":"<p>A Coordena\u00e7\u00e3o do Curso de Bacharelado em Turismo da UFPEL, em parceria com o Escrit\u00f3rio de Eventos e com o Diret\u00f3rio Acad\u00eamico do Curso de Turismo, realiza o evento Caf\u00e9 Com Turismo no dia 8 de maio de 2019. O evento consiste em rodas de conversa com egressos do Curso de Turismo e profissionais da &hellip; <\/p>\n<p><a class=\"more-link btn\" href=\"https:\/\/wp.ufpel.edu.br\/cursodeturismo\/2019\/05\/06\/evento-cafe-com-turismo\/\">Continue lendo<\/a><\/p>\n","protected":false},"author":115,"featured_media":0,"comment_status":"closed","ping_status":"closed","sticky":false,"template":"","format":"standard","meta":{"_jetpack_memberships_contains_paid_content":false,"footnotes":""},"categories":[18],"tags":[],"class_list":["post-1209","post","type-post","status-publish","format-standard","hentry","category-editais","item-wrap"],"jetpack_featured_media_url":"","jetpack_sharing_enabled":true,"_links":{"self":[{"href":"https:\/\/wp.ufpel.edu.br\/cursodeturismo\/wp-json\/wp\/v2\/posts\/1209","targetHints":{"allow":["GET"]}}],"collection":[{"href":"https:\/\/wp.ufpel.edu.br\/cursodeturismo\/wp-json\/wp\/v2\/posts"}],"about":[{"href":"https:\/\/wp.ufpel.edu.br\/cursodeturismo\/wp-json\/wp\/v2\/types\/post"}],"author":[{"embeddable":true,"href":"https:\/\/wp.ufpel.edu.br\/cursodeturismo\/wp-json\/wp\/v2\/users\/115"}],"replies":[{"embeddable":true,"href":"https:\/\/wp.ufpel.edu.br\/cursodeturismo\/wp-json\/wp\/v2\/comments?post=1209"}],"version-history":[{"count":1,"href":"https:\/\/wp.ufpel.edu.br\/cursodeturismo\/wp-json\/wp\/v2\/posts\/1209\/revisions"}],"predecessor-version":[{"id":1211,"href":"https:\/\/wp.ufpel.edu.br\/cursodeturismo\/wp-json\/wp\/v2\/posts\/1209\/revisions\/1211"}],"wp:attachment":[{"href":"https:\/\/wp.ufpel.edu.br\/cursodeturismo\/wp-json\/wp\/v2\/media?parent=1209"}],"wp:term":[{"taxonomy":"category","embeddable":true,"href":"https:\/\/wp.ufpel.edu.br\/cursodeturismo\/wp-json\/wp\/v2\/categories?post=1209"},{"taxonomy":"post_tag","embeddable":true,"href":"https:\/\/wp.ufpel.edu.br\/cursodeturismo\/wp-json\/wp\/v2\/tags?post=1209"}],"curies":[{"name":"wp","href":"https:\/\/api.w.org\/{rel}","templated":true}]}}