{"id":1121,"date":"2018-10-31T18:56:29","date_gmt":"2018-10-31T21:56:29","guid":{"rendered":"https:\/\/wp.ufpel.edu.br\/cursodeturismo\/?p=1121"},"modified":"2018-10-31T18:56:29","modified_gmt":"2018-10-31T21:56:29","slug":"semana-academica-da-administracao-2018","status":"publish","type":"post","link":"https:\/\/wp.ufpel.edu.br\/cursodeturismo\/2018\/10\/31\/semana-academica-da-administracao-2018\/","title":{"rendered":"SEMANA ACAD\u00caMICA DA ADMINISTRA\u00c7\u00c3O 2018"},"content":{"rendered":"<p>Reproduzo, em it\u00e1lico, email da aluna Kauane Oliveira:<\/p>\n<div><em>Prezados colegas,<\/em><\/div>\n<div><\/div>\n<div><em>Finalmente teremos uma semana acad\u00eamica pra chamar de nossa. Confiram nossa programa\u00e7\u00e3o no evento ou na p\u00e1gina. As inscri\u00e7\u00f5es est\u00e3o liberadas e n\u00e3o precisa pagar nada. Ser\u00e3o gerados certificados de horas de acordo com a participa\u00e7\u00e3o de cada um. Se participar de tudo, tem certificado de 10h.<\/em><\/div>\n<div><em><b>OBS: Os minicursos ser\u00e3o ministrados em hor\u00e1rios paralelos por\u00e9m no mesmo dia. Sendo assim n\u00e3o ser\u00e1\u00a0<\/b><b>poss\u00edvel<\/b><b>\u00a0participar de ambos minicursos.<\/b><\/em><\/p>\n<div><em>Qualquer d\u00favida, estamos respondendo pela p\u00e1gina ou pelo evento.<\/em><\/div>\n<div><em>Contamos com a presen\u00e7a de voc\u00eas!<\/em><\/div>\n<div><em>Corram, pois as vagas s\u00e3o limitadas.<\/em><\/div>\n<div><\/div>\n<div><em>Segue link para inscri\u00e7\u00e3o:\u00a0<a id=\"m_1157654578871352195LPlnk242827\" title=\"CTRL+Clique para seguir o link\nhttps:\/\/docs.google.com\/forms\/d\/e\/1FAIpQLSeXRLqhNxJDRQDYKw5w0npTozin1Mt23qGdRlRga7kbrEapDg\/viewform?fbclid=IwAR3d67aB-I1d5mZJpOC2_RbRiLJMll1zMtiXyOIZwpcOOABAUUeHOleg3v0\" href=\"https:\/\/docs.google.com\/forms\/d\/e\/1FAIpQLSeXRLqhNxJDRQDYKw5w0npTozin1Mt23qGdRlRga7kbrEapDg\/viewform?fbclid=IwAR3d67aB-I1d5mZJpOC2_RbRiLJMll1zMtiXyOIZwpcOOABAUUeHOleg3v0\" target=\"_blank\" rel=\"noopener\">https:\/\/docs.google.com\/forms\/d\/e\/1FAIpQLSeXRLqhNxJDRQDYKw5w0npTozin1Mt23qGdRlRga7kbrEapDg\/viewform?fbclid=IwAR3d67aB-I1d5mZJpOC2_RbRiLJMll1zMtiXyOIZwpcOOABAUUeHOleg3v0<\/a><\/em><\/div>\n<div><\/div>\n<p><em>Evento:\u00a0<a id=\"m_1157654578871352195LPlnk131964\" href=\"https:\/\/www.facebook.com\/events\/242383729960263\/\" target=\"_blank\" rel=\"noopener\">https:\/\/www.facebook.com\/events\/242383729960263\/<\/a><\/em><\/p>\n<\/div>\n<div><\/div>\n<div><em>PALESTRAS:<\/em><br \/>\n<em>5\/11 \u2013 Marcelo Hofmeister \u2013 Administra\u00e7\u00e3o no Agroneg\u00f3cio<\/em><br \/>\n<em>6\/11 \u2013 Jabr Hussein Deeb Haj Omar \u2013 Macroeconomia<\/em><br \/>\n<em>7\/11 \u2013 Luiz Gilberto Camargo \u2013 Startup\/Donamaid<\/em><br \/>\n<em>8\/11 \u2013 Minicursos:<\/em><br \/>\n<em>\u00a0 \u00a0 \u00a0 \u00a0 \u00a0 \u00a0 \u00a0 \u00a0 \u00a0 \u00a0 \u00a0 \u00a0 \u00a0 \u00a0 \u00a0\u2013 Lucas Mascarenhas \u2013 \u201cExcel\u201d<\/em><br \/>\n<em>\u00a0 \u00a0 \u00a0 \u00a0 \u00a0 \u00a0 \u00a0 \u00a0 \u00a0 \u00a0 \u00a0 \u00a0 \u00a0 \u00a0 \u00a0\u2013 Fl\u00e1via Azambuja \u2013 \u201cCanvas\u201d<\/em><br \/>\n<em>9\/11 \u2013 Let\u00edcia Grill \u2013 Mundo do Trabalho<\/em><\/div>\n<div><\/div>\n<div><img loading=\"lazy\" decoding=\"async\" class=\"aligncenter size-full wp-image-2382\" src=\"https:\/\/wp.ufpel.edu.br\/cursodeadministracao\/files\/2018\/10\/IMG-20181031-WA0007.jpg\" alt=\"\" width=\"904\" height=\"1280\" \/><\/div>\n","protected":false},"excerpt":{"rendered":"<p>Reproduzo, em it\u00e1lico, email da aluna Kauane Oliveira: Prezados colegas, Finalmente teremos uma semana acad\u00eamica pra chamar de nossa. Confiram nossa programa\u00e7\u00e3o no evento ou na p\u00e1gina. As inscri\u00e7\u00f5es est\u00e3o liberadas e n\u00e3o precisa pagar nada. Ser\u00e3o gerados certificados de horas de acordo com a participa\u00e7\u00e3o de cada um. Se participar de tudo, tem certificado &hellip; <\/p>\n<p><a class=\"more-link btn\" href=\"https:\/\/wp.ufpel.edu.br\/cursodeturismo\/2018\/10\/31\/semana-academica-da-administracao-2018\/\">Continue lendo<\/a><\/p>\n","protected":false},"author":115,"featured_media":0,"comment_status":"closed","ping_status":"closed","sticky":false,"template":"","format":"standard","meta":{"_jetpack_memberships_contains_paid_content":false,"footnotes":""},"categories":[18],"tags":[],"class_list":["post-1121","post","type-post","status-publish","format-standard","hentry","category-editais","item-wrap"],"jetpack_featured_media_url":"","jetpack_sharing_enabled":true,"_links":{"self":[{"href":"https:\/\/wp.ufpel.edu.br\/cursodeturismo\/wp-json\/wp\/v2\/posts\/1121","targetHints":{"allow":["GET"]}}],"collection":[{"href":"https:\/\/wp.ufpel.edu.br\/cursodeturismo\/wp-json\/wp\/v2\/posts"}],"about":[{"href":"https:\/\/wp.ufpel.edu.br\/cursodeturismo\/wp-json\/wp\/v2\/types\/post"}],"author":[{"embeddable":true,"href":"https:\/\/wp.ufpel.edu.br\/cursodeturismo\/wp-json\/wp\/v2\/users\/115"}],"replies":[{"embeddable":true,"href":"https:\/\/wp.ufpel.edu.br\/cursodeturismo\/wp-json\/wp\/v2\/comments?post=1121"}],"version-history":[{"count":1,"href":"https:\/\/wp.ufpel.edu.br\/cursodeturismo\/wp-json\/wp\/v2\/posts\/1121\/revisions"}],"predecessor-version":[{"id":1123,"href":"https:\/\/wp.ufpel.edu.br\/cursodeturismo\/wp-json\/wp\/v2\/posts\/1121\/revisions\/1123"}],"wp:attachment":[{"href":"https:\/\/wp.ufpel.edu.br\/cursodeturismo\/wp-json\/wp\/v2\/media?parent=1121"}],"wp:term":[{"taxonomy":"category","embeddable":true,"href":"https:\/\/wp.ufpel.edu.br\/cursodeturismo\/wp-json\/wp\/v2\/categories?post=1121"},{"taxonomy":"post_tag","embeddable":true,"href":"https:\/\/wp.ufpel.edu.br\/cursodeturismo\/wp-json\/wp\/v2\/tags?post=1121"}],"curies":[{"name":"wp","href":"https:\/\/api.w.org\/{rel}","templated":true}]}}