{"id":1071,"date":"2018-08-21T15:22:13","date_gmt":"2018-08-21T18:22:13","guid":{"rendered":"https:\/\/wp.ufpel.edu.br\/cursodeturismo\/?p=1071"},"modified":"2018-08-21T15:22:13","modified_gmt":"2018-08-21T18:22:13","slug":"cerimonias-internas-de-colacao-de-grau-da-fat","status":"publish","type":"post","link":"https:\/\/wp.ufpel.edu.br\/cursodeturismo\/2018\/08\/21\/cerimonias-internas-de-colacao-de-grau-da-fat\/","title":{"rendered":"Cerim\u00f4nias Internas de Cola\u00e7\u00e3o de Grau da FAT"},"content":{"rendered":"<p>Nos dias 22\/08\/2018 e 23\/08\/2018, realizar-se-\u00e3o no Audit\u00f3rio da Reitoria, as cerim\u00f4nias Internas de Cola\u00e7\u00e3o de Grau da Faculdade de Administra\u00e7\u00e3o e de Turismo. Durante os atos, os alunos dos Cursos de Bacharelado em Administra\u00e7\u00e3o, Bacharelado em Turismo, Curso Superior de Tecnologia em Gest\u00e3o P\u00fablica e Curso Superior de Tecnologia em Processos Gerenciais receber\u00e3o o grau de Bachar\u00e9is (Administra\u00e7\u00e3o e Turismo) e Tecn\u00f3logos (Gest\u00e3o P\u00fablica e Processos Gerenciais). As cerim\u00f4nias ocorrer\u00e3o \u00e0s 19h. Nos links abaixo, seguem as listas de formandos:<\/p>\n<p><a href=\"https:\/\/wp.ufpel.edu.br\/cursodeadministracao\/files\/2018\/08\/provaveis_formandos_4520_2018_1_23082018.pdf\" target=\"_blank\" rel=\"noopener\">provaveis_formandos_4520_2018_1_23082018<\/a><\/p>\n<p><a href=\"https:\/\/wp.ufpel.edu.br\/cursodeadministracao\/files\/2018\/08\/provaveis_formandos_4510_2018_1_23082018.pdf\" target=\"_blank\" rel=\"noopener\">provaveis_formandos_4510_2018_1_23082018<\/a><\/p>\n<p><a href=\"https:\/\/wp.ufpel.edu.br\/cursodeadministracao\/files\/2018\/08\/provaveis_formandos_7300_2018_1_23082018.pdf\" target=\"_blank\" rel=\"noopener\">provaveis_formandos_7300_2018_1_23082018<\/a><\/p>\n<p><a href=\"https:\/\/wp.ufpel.edu.br\/cursodeadministracao\/files\/2018\/08\/provaveis_formandos_4700_2018_1_23082018-1.pdf\" target=\"_blank\" rel=\"noopener\">provaveis_formandos_4700_2018_1_23082018<\/a><\/p>\n<p><a href=\"https:\/\/wp.ufpel.edu.br\/cursodeadministracao\/files\/2018\/08\/provaveis_formandos_4510_2018_1_22082018.pdf\" target=\"_blank\" rel=\"noopener\">provaveis_formandos_4510_2018_1_22082018<\/a><\/p>\n<p><a href=\"https:\/\/wp.ufpel.edu.br\/cursodeadministracao\/files\/2018\/08\/provaveis_formandos_7300_2018_1_22082018.pdf\" target=\"_blank\" rel=\"noopener\">provaveis_formandos_7300_2018_1_22082018<\/a><\/p>\n<p><a href=\"https:\/\/wp.ufpel.edu.br\/cursodeadministracao\/files\/2018\/08\/provaveis_formandos_5110_2018_1_22082018.pdf\" target=\"_blank\" rel=\"noopener\">provaveis_formandos_5110_2018_1_22082018<\/a><\/p>\n<p><a href=\"https:\/\/wp.ufpel.edu.br\/cursodeadministracao\/files\/2018\/08\/provaveis_formandos_4700_2018_1_22082018.pdf\" target=\"_blank\" rel=\"noopener\">provaveis_formandos_4700_2018_1_22082018<\/a><\/p>\n<p><a href=\"https:\/\/wp.ufpel.edu.br\/cursodeadministracao\/files\/2018\/08\/provaveis_formandos_4520_2018_1_22082018.pdf\" target=\"_blank\" rel=\"noopener\">provaveis_formandos_4520_2018_1_22082018<\/a><\/p>\n","protected":false},"excerpt":{"rendered":"<p>Nos dias 22\/08\/2018 e 23\/08\/2018, realizar-se-\u00e3o no Audit\u00f3rio da Reitoria, as cerim\u00f4nias Internas de Cola\u00e7\u00e3o de Grau da Faculdade de Administra\u00e7\u00e3o e de Turismo. Durante os atos, os alunos dos Cursos de Bacharelado em Administra\u00e7\u00e3o, Bacharelado em Turismo, Curso Superior de Tecnologia em Gest\u00e3o P\u00fablica e Curso Superior de Tecnologia em Processos Gerenciais receber\u00e3o o &hellip; <\/p>\n<p><a class=\"more-link btn\" href=\"https:\/\/wp.ufpel.edu.br\/cursodeturismo\/2018\/08\/21\/cerimonias-internas-de-colacao-de-grau-da-fat\/\">Continue lendo<\/a><\/p>\n","protected":false},"author":115,"featured_media":0,"comment_status":"closed","ping_status":"closed","sticky":false,"template":"","format":"standard","meta":{"_jetpack_memberships_contains_paid_content":false,"footnotes":""},"categories":[18],"tags":[],"class_list":["post-1071","post","type-post","status-publish","format-standard","hentry","category-editais","item-wrap"],"jetpack_featured_media_url":"","jetpack_sharing_enabled":true,"_links":{"self":[{"href":"https:\/\/wp.ufpel.edu.br\/cursodeturismo\/wp-json\/wp\/v2\/posts\/1071","targetHints":{"allow":["GET"]}}],"collection":[{"href":"https:\/\/wp.ufpel.edu.br\/cursodeturismo\/wp-json\/wp\/v2\/posts"}],"about":[{"href":"https:\/\/wp.ufpel.edu.br\/cursodeturismo\/wp-json\/wp\/v2\/types\/post"}],"author":[{"embeddable":true,"href":"https:\/\/wp.ufpel.edu.br\/cursodeturismo\/wp-json\/wp\/v2\/users\/115"}],"replies":[{"embeddable":true,"href":"https:\/\/wp.ufpel.edu.br\/cursodeturismo\/wp-json\/wp\/v2\/comments?post=1071"}],"version-history":[{"count":1,"href":"https:\/\/wp.ufpel.edu.br\/cursodeturismo\/wp-json\/wp\/v2\/posts\/1071\/revisions"}],"predecessor-version":[{"id":1073,"href":"https:\/\/wp.ufpel.edu.br\/cursodeturismo\/wp-json\/wp\/v2\/posts\/1071\/revisions\/1073"}],"wp:attachment":[{"href":"https:\/\/wp.ufpel.edu.br\/cursodeturismo\/wp-json\/wp\/v2\/media?parent=1071"}],"wp:term":[{"taxonomy":"category","embeddable":true,"href":"https:\/\/wp.ufpel.edu.br\/cursodeturismo\/wp-json\/wp\/v2\/categories?post=1071"},{"taxonomy":"post_tag","embeddable":true,"href":"https:\/\/wp.ufpel.edu.br\/cursodeturismo\/wp-json\/wp\/v2\/tags?post=1071"}],"curies":[{"name":"wp","href":"https:\/\/api.w.org\/{rel}","templated":true}]}}