{"id":1046,"date":"2018-07-09T17:17:37","date_gmt":"2018-07-09T20:17:37","guid":{"rendered":"https:\/\/wp.ufpel.edu.br\/cursodeturismo\/?p=1046"},"modified":"2018-07-10T16:49:59","modified_gmt":"2018-07-10T19:49:59","slug":"1046","status":"publish","type":"post","link":"https:\/\/wp.ufpel.edu.br\/cursodeturismo\/2018\/07\/09\/1046\/","title":{"rendered":"Sa\u00edda de campo no munic\u00edpio de Canela"},"content":{"rendered":"<p>Na \u00faltima quinta-feira, 28 de junho, alunos e professores do Curso de Bacharelado em<br \/>\nTurismo da UFPel realizaram sa\u00edda de campo no munic\u00edpio de Canela. A atividade<br \/>\nintegrou as disciplinas de Turismo e Meio Ambiente, Lazer e Turismo e Ecoturismo e<br \/>\nTurismo de Aventura, sob a coordena\u00e7\u00e3o das professoras Gisele Silva Pereira, Nat\u00e1lia<br \/>\nAra\u00fajo de Oliveira e Laura Rudzewicz. Na Floresta Nacional de Canela, os acad\u00eamicos e<br \/>\ndocentes tiveram a oportunidade de realizar uma parte da trilha de longo curso<br \/>\ndenominada \u201cCaminho das Arauc\u00e1rias\u201d, al\u00e9m de conhecer o Centro de Visitantes e<br \/>\nparticipar de atividades de interpreta\u00e7\u00e3o ambiental conduzidas pelo t\u00e9cnico do<br \/>\nICMBio, Antonio Cesar Caetano. No turno da tarde, o grupo foi recebido pelos<br \/>\nprofessores Michel Bregolin e Maguil Marsilio, da Universidade de Caxias do Sul (UCS \u2013<br \/>\nCampus Regi\u00e3o das Hort\u00eansias), o que oportunizou interc\u00e2mbios interinstitucionais na<br \/>\n\u00e1rea do Turismo e Hospitalidade. Em seguida, a atividade foi conduzida pelo<br \/>\npalestrante, Evandro Sch\u00fctz, diretor t\u00e9cnico da Abeta (Associa\u00e7\u00e3o Brasileira das<br \/>\nEmpresas de Ecoturismo e Turismo de Aventura) e s\u00f3cio da Atitude Ecologia e Turismo,<br \/>\nque prop\u00f4s uma reflex\u00e3o sobre as potencialidades e desafios relacionados ao Turismo<br \/>\ne Natureza no Brasil. Os discentes ainda foram recebidos no Alpen Park, onde<br \/>\nrealizaram observa\u00e7\u00f5es sobre a oferta de equipamentos e servi\u00e7os de lazer e turismo<br \/>\nnesse parque. As atividades tiveram como prop\u00f3sito a pr\u00e1tica dos conhecimentos<br \/>\ntrabalhados em aula, e a troca de informa\u00e7\u00f5es e experi\u00eancias com profissionais<br \/>\nrelacionados ao turismo na Serra Ga\u00facha.<\/p>\n<div id=\"attachment_1048\" style=\"width: 1024px\" class=\"wp-caption aligncenter\"><a href=\"https:\/\/wp.ufpel.edu.br\/cursodeturismo\/files\/2018\/07\/foto-3.jpg\"><img loading=\"lazy\" decoding=\"async\" aria-describedby=\"caption-attachment-1048\" class=\"size-large wp-image-1048\" src=\"https:\/\/wp.ufpel.edu.br\/cursodeturismo\/files\/2018\/07\/foto-3-1024x704.jpg\" alt=\"\" width=\"1024\" height=\"704\" srcset=\"https:\/\/wp.ufpel.edu.br\/cursodeturismo\/files\/2018\/07\/foto-3-1024x704.jpg 1024w, https:\/\/wp.ufpel.edu.br\/cursodeturismo\/files\/2018\/07\/foto-3-400x275.jpg 400w, https:\/\/wp.ufpel.edu.br\/cursodeturismo\/files\/2018\/07\/foto-3-768x528.jpg 768w\" sizes=\"auto, (max-width: 1024px) 100vw, 1024px\" \/><\/a><p id=\"caption-attachment-1048\" class=\"wp-caption-text\">Professoras do Curso de Turismo da UFPel, Professor Michel Bregolin (UCS) e<br \/>Evandro Sch\u00fctz (Abeta), na Universidade de Caxias do Sul \u2013 Campus Regi\u00e3o das<br \/>Hort\u00eansias<\/p><\/div>\n<div id=\"attachment_1049\" style=\"width: 1024px\" class=\"wp-caption aligncenter\"><a href=\"https:\/\/wp.ufpel.edu.br\/cursodeturismo\/files\/2018\/07\/foto-2.jpg\"><img loading=\"lazy\" decoding=\"async\" aria-describedby=\"caption-attachment-1049\" class=\"size-large wp-image-1049\" src=\"https:\/\/wp.ufpel.edu.br\/cursodeturismo\/files\/2018\/07\/foto-2-1024x768.jpg\" alt=\"\" width=\"1024\" height=\"768\" srcset=\"https:\/\/wp.ufpel.edu.br\/cursodeturismo\/files\/2018\/07\/foto-2-1024x768.jpg 1024w, https:\/\/wp.ufpel.edu.br\/cursodeturismo\/files\/2018\/07\/foto-2-400x300.jpg 400w, https:\/\/wp.ufpel.edu.br\/cursodeturismo\/files\/2018\/07\/foto-2-768x576.jpg 768w\" sizes=\"auto, (max-width: 1024px) 100vw, 1024px\" \/><\/a><p id=\"caption-attachment-1049\" class=\"wp-caption-text\">Grupo da UFPel em visita a Flona de Canela<\/p><\/div>\n<div id=\"attachment_1050\" style=\"width: 1024px\" class=\"wp-caption aligncenter\"><a href=\"https:\/\/wp.ufpel.edu.br\/cursodeturismo\/files\/2018\/07\/foto-1.jpg\"><img loading=\"lazy\" decoding=\"async\" aria-describedby=\"caption-attachment-1050\" class=\"size-large wp-image-1050\" src=\"https:\/\/wp.ufpel.edu.br\/cursodeturismo\/files\/2018\/07\/foto-1-1024x768.jpg\" alt=\"\" width=\"1024\" height=\"768\" srcset=\"https:\/\/wp.ufpel.edu.br\/cursodeturismo\/files\/2018\/07\/foto-1-1024x768.jpg 1024w, https:\/\/wp.ufpel.edu.br\/cursodeturismo\/files\/2018\/07\/foto-1-400x300.jpg 400w, https:\/\/wp.ufpel.edu.br\/cursodeturismo\/files\/2018\/07\/foto-1-768x576.jpg 768w\" sizes=\"auto, (max-width: 1024px) 100vw, 1024px\" \/><\/a><p id=\"caption-attachment-1050\" class=\"wp-caption-text\">Trilha de longo curso \u201cCaminho das Arauc\u00e1rias\u201d \u2013 Flona de Canela<\/p><\/div>\n","protected":false},"excerpt":{"rendered":"<p>Na \u00faltima quinta-feira, 28 de junho, alunos e professores do Curso de Bacharelado em Turismo da UFPel realizaram sa\u00edda de campo no munic\u00edpio de Canela. A atividade integrou as disciplinas de Turismo e Meio Ambiente, Lazer e Turismo e Ecoturismo e Turismo de Aventura, sob a coordena\u00e7\u00e3o das professoras Gisele Silva Pereira, Nat\u00e1lia Ara\u00fajo de &hellip; <\/p>\n<p><a class=\"more-link btn\" href=\"https:\/\/wp.ufpel.edu.br\/cursodeturismo\/2018\/07\/09\/1046\/\">Continue lendo<\/a><\/p>\n","protected":false},"author":115,"featured_media":0,"comment_status":"closed","ping_status":"closed","sticky":false,"template":"","format":"standard","meta":{"_jetpack_memberships_contains_paid_content":false,"footnotes":""},"categories":[18],"tags":[],"class_list":["post-1046","post","type-post","status-publish","format-standard","hentry","category-editais","item-wrap"],"jetpack_featured_media_url":"","jetpack_sharing_enabled":true,"_links":{"self":[{"href":"https:\/\/wp.ufpel.edu.br\/cursodeturismo\/wp-json\/wp\/v2\/posts\/1046","targetHints":{"allow":["GET"]}}],"collection":[{"href":"https:\/\/wp.ufpel.edu.br\/cursodeturismo\/wp-json\/wp\/v2\/posts"}],"about":[{"href":"https:\/\/wp.ufpel.edu.br\/cursodeturismo\/wp-json\/wp\/v2\/types\/post"}],"author":[{"embeddable":true,"href":"https:\/\/wp.ufpel.edu.br\/cursodeturismo\/wp-json\/wp\/v2\/users\/115"}],"replies":[{"embeddable":true,"href":"https:\/\/wp.ufpel.edu.br\/cursodeturismo\/wp-json\/wp\/v2\/comments?post=1046"}],"version-history":[{"count":2,"href":"https:\/\/wp.ufpel.edu.br\/cursodeturismo\/wp-json\/wp\/v2\/posts\/1046\/revisions"}],"predecessor-version":[{"id":1058,"href":"https:\/\/wp.ufpel.edu.br\/cursodeturismo\/wp-json\/wp\/v2\/posts\/1046\/revisions\/1058"}],"wp:attachment":[{"href":"https:\/\/wp.ufpel.edu.br\/cursodeturismo\/wp-json\/wp\/v2\/media?parent=1046"}],"wp:term":[{"taxonomy":"category","embeddable":true,"href":"https:\/\/wp.ufpel.edu.br\/cursodeturismo\/wp-json\/wp\/v2\/categories?post=1046"},{"taxonomy":"post_tag","embeddable":true,"href":"https:\/\/wp.ufpel.edu.br\/cursodeturismo\/wp-json\/wp\/v2\/tags?post=1046"}],"curies":[{"name":"wp","href":"https:\/\/api.w.org\/{rel}","templated":true}]}}