{"id":1037,"date":"2018-06-28T08:17:07","date_gmt":"2018-06-28T11:17:07","guid":{"rendered":"https:\/\/wp.ufpel.edu.br\/cursodeturismo\/?p=1037"},"modified":"2018-06-28T08:20:00","modified_gmt":"2018-06-28T11:20:00","slug":"o-curso-de-turismo-da-ufpel-ganha-primeiro-lugar-no-12o-forum-internacional-de-turismo","status":"publish","type":"post","link":"https:\/\/wp.ufpel.edu.br\/cursodeturismo\/2018\/06\/28\/o-curso-de-turismo-da-ufpel-ganha-primeiro-lugar-no-12o-forum-internacional-de-turismo\/","title":{"rendered":"O curso de Turismo da UFPel ganha primeiro lugar no 12\u00ba F\u00f3rum Internacional de Turismo"},"content":{"rendered":"<div>Aconteceu entre os dias 20 e 22 de junho, em Foz do Igua\u00e7u (PR), o 12\u00ba F\u00f3rum Internacional de Turismo, o \u201cprincipal evento do turismo cient\u00edfico das Am\u00e9ricas\u201d, como classifica o coordenador do Festival, Paulo Angeli. O F\u00f3rum faz parte da grade de eventos complementares do Festival das Cataratas e a Universidade Federal de Pelotas ganhou destaque mais uma vez.<\/div>\n<div><\/div>\n<div>Pelo segundo ano consecutivo, o curso de Turismo da UFPel ganhou o primeiro lugar na categoria melhor resumo expandido, com o trabalho &#8220;Idosos, envelhecimento e terceira idade: an\u00e1lise da produ\u00e7\u00e3o acad\u00eamica a partir das publica\u00e7\u00f5es no F\u00f3rum Internacional de Turismo do Iguassu&#8221; com autoria dos alunos \u00c9verton Kaizer, do curso de turismo, e T\u00falio Matheus Souza, do curso de geografia, orientados pela professora doutora Gisele Silva Pereira.<\/div>\n<div><\/div>\n<div>O Festival das Cataratas \u00e9 uma realiza\u00e7\u00e3o da Secretaria Municipal de Turismo, com organiza\u00e7\u00e3o da De Angeli e patroc\u00ednio da Itaipu Binacional, Fecom\u00e9rcio, CNC, Fundo Igua\u00e7u e Copel Telecom.<\/div>\n<div><\/div>\n<div><\/div>\n<div><\/div>\n<div><\/div>\n<div><a href=\"https:\/\/wp.ufpel.edu.br\/cursodeturismo\/files\/2018\/06\/19772b3e-83bd-4e10-8de7-32e470cb7520.jpg\"><img loading=\"lazy\" decoding=\"async\" class=\"aligncenter size-large wp-image-1040\" src=\"https:\/\/wp.ufpel.edu.br\/cursodeturismo\/files\/2018\/06\/19772b3e-83bd-4e10-8de7-32e470cb7520-1024x768.jpg\" alt=\"\" width=\"1024\" height=\"768\" srcset=\"https:\/\/wp.ufpel.edu.br\/cursodeturismo\/files\/2018\/06\/19772b3e-83bd-4e10-8de7-32e470cb7520-1024x768.jpg 1024w, https:\/\/wp.ufpel.edu.br\/cursodeturismo\/files\/2018\/06\/19772b3e-83bd-4e10-8de7-32e470cb7520-400x300.jpg 400w, https:\/\/wp.ufpel.edu.br\/cursodeturismo\/files\/2018\/06\/19772b3e-83bd-4e10-8de7-32e470cb7520-768x576.jpg 768w, https:\/\/wp.ufpel.edu.br\/cursodeturismo\/files\/2018\/06\/19772b3e-83bd-4e10-8de7-32e470cb7520.jpg 1280w\" sizes=\"auto, (max-width: 1024px) 100vw, 1024px\" \/><\/a><a href=\"https:\/\/wp.ufpel.edu.br\/cursodeturismo\/files\/2018\/06\/36279794_1952676668099488_8777237355569348608_n.jpg\"><img loading=\"lazy\" decoding=\"async\" class=\"aligncenter size-full wp-image-1041\" src=\"https:\/\/wp.ufpel.edu.br\/cursodeturismo\/files\/2018\/06\/36279794_1952676668099488_8777237355569348608_n.jpg\" alt=\"\" width=\"960\" height=\"539\" srcset=\"https:\/\/wp.ufpel.edu.br\/cursodeturismo\/files\/2018\/06\/36279794_1952676668099488_8777237355569348608_n.jpg 960w, https:\/\/wp.ufpel.edu.br\/cursodeturismo\/files\/2018\/06\/36279794_1952676668099488_8777237355569348608_n-400x225.jpg 400w, https:\/\/wp.ufpel.edu.br\/cursodeturismo\/files\/2018\/06\/36279794_1952676668099488_8777237355569348608_n-768x431.jpg 768w\" sizes=\"auto, (max-width: 960px) 100vw, 960px\" \/><\/a><\/div>\n","protected":false},"excerpt":{"rendered":"<p>Aconteceu entre os dias 20 e 22 de junho, em Foz do Igua\u00e7u (PR), o 12\u00ba F\u00f3rum Internacional de Turismo, o \u201cprincipal evento do turismo cient\u00edfico das Am\u00e9ricas\u201d, como classifica o coordenador do Festival, Paulo Angeli. O F\u00f3rum faz parte da grade de eventos complementares do Festival das Cataratas e a Universidade Federal de Pelotas &hellip; <\/p>\n<p><a class=\"more-link btn\" href=\"https:\/\/wp.ufpel.edu.br\/cursodeturismo\/2018\/06\/28\/o-curso-de-turismo-da-ufpel-ganha-primeiro-lugar-no-12o-forum-internacional-de-turismo\/\">Continue lendo<\/a><\/p>\n","protected":false},"author":115,"featured_media":0,"comment_status":"closed","ping_status":"closed","sticky":false,"template":"","format":"standard","meta":{"_jetpack_memberships_contains_paid_content":false,"footnotes":""},"categories":[18],"tags":[],"class_list":["post-1037","post","type-post","status-publish","format-standard","hentry","category-editais","item-wrap"],"jetpack_featured_media_url":"","jetpack_sharing_enabled":true,"_links":{"self":[{"href":"https:\/\/wp.ufpel.edu.br\/cursodeturismo\/wp-json\/wp\/v2\/posts\/1037","targetHints":{"allow":["GET"]}}],"collection":[{"href":"https:\/\/wp.ufpel.edu.br\/cursodeturismo\/wp-json\/wp\/v2\/posts"}],"about":[{"href":"https:\/\/wp.ufpel.edu.br\/cursodeturismo\/wp-json\/wp\/v2\/types\/post"}],"author":[{"embeddable":true,"href":"https:\/\/wp.ufpel.edu.br\/cursodeturismo\/wp-json\/wp\/v2\/users\/115"}],"replies":[{"embeddable":true,"href":"https:\/\/wp.ufpel.edu.br\/cursodeturismo\/wp-json\/wp\/v2\/comments?post=1037"}],"version-history":[{"count":4,"href":"https:\/\/wp.ufpel.edu.br\/cursodeturismo\/wp-json\/wp\/v2\/posts\/1037\/revisions"}],"predecessor-version":[{"id":1044,"href":"https:\/\/wp.ufpel.edu.br\/cursodeturismo\/wp-json\/wp\/v2\/posts\/1037\/revisions\/1044"}],"wp:attachment":[{"href":"https:\/\/wp.ufpel.edu.br\/cursodeturismo\/wp-json\/wp\/v2\/media?parent=1037"}],"wp:term":[{"taxonomy":"category","embeddable":true,"href":"https:\/\/wp.ufpel.edu.br\/cursodeturismo\/wp-json\/wp\/v2\/categories?post=1037"},{"taxonomy":"post_tag","embeddable":true,"href":"https:\/\/wp.ufpel.edu.br\/cursodeturismo\/wp-json\/wp\/v2\/tags?post=1037"}],"curies":[{"name":"wp","href":"https:\/\/api.w.org\/{rel}","templated":true}]}}