{"id":1027,"date":"2018-06-05T10:10:27","date_gmt":"2018-06-05T13:10:27","guid":{"rendered":"https:\/\/wp.ufpel.edu.br\/cursodeturismo\/?p=1027"},"modified":"2018-06-05T10:11:26","modified_gmt":"2018-06-05T13:11:26","slug":"3a-roda-de-conversa-do-projeto-nos","status":"publish","type":"post","link":"https:\/\/wp.ufpel.edu.br\/cursodeturismo\/2018\/06\/05\/3a-roda-de-conversa-do-projeto-nos\/","title":{"rendered":"3\u00aa Roda de Conversa do Projeto N\u00f3s"},"content":{"rendered":"<div class=\"gmail_default\">O Projeto N\u00f3s da FAT promove sua terceira Roda de Conversa, desta vez com o tema &#8220;Povos Ind\u00edgenas e Quilombolas&#8221; trazendo para o debate os estudantes da Universidade Federal de Pelotas: Ant\u00f4nio Leonel Rodrigues Soares (Administra\u00e7\u00e3o), Jilvanni Farias (Medicina), e Laisa Kaingang (Mestrado em Antropologia).\u00a0O evento acontece dia 13 de junho (quarta-feira), das 17h \u00e0s 19h, no Audit\u00f3rio Acad\u00eamico do Campus Anglo. As inscri\u00e7\u00f5es podem ser realizadas neste link\u00a0<a href=\"https:\/\/goo.gl\/forms\/ZeKRjq8UMdl11ydB2\" target=\"_blank\" rel=\"noopener\">https:\/\/goo.gl\/forms\/ZeKRjq8UMdl11ydB2<\/a>\u00a0ou no local do evento. Lembramos que os certificados de participa\u00e7\u00e3o ser\u00e3o emitidos ap\u00f3s a finaliza\u00e7\u00e3o do Projeto N\u00f3s, no final do ano.<\/div>\n<div><a href=\"https:\/\/wp.ufpel.edu.br\/cursodeturismo\/files\/2018\/06\/roda-de-conversa-3.jpg\"><img loading=\"lazy\" decoding=\"async\" class=\"aligncenter size-large wp-image-1029\" src=\"https:\/\/wp.ufpel.edu.br\/cursodeturismo\/files\/2018\/06\/roda-de-conversa-3-724x1024.jpg\" alt=\"\" width=\"724\" height=\"1024\" srcset=\"https:\/\/wp.ufpel.edu.br\/cursodeturismo\/files\/2018\/06\/roda-de-conversa-3-724x1024.jpg 724w, https:\/\/wp.ufpel.edu.br\/cursodeturismo\/files\/2018\/06\/roda-de-conversa-3-283x400.jpg 283w, https:\/\/wp.ufpel.edu.br\/cursodeturismo\/files\/2018\/06\/roda-de-conversa-3-768x1086.jpg 768w, https:\/\/wp.ufpel.edu.br\/cursodeturismo\/files\/2018\/06\/roda-de-conversa-3.jpg 1588w\" sizes=\"auto, (max-width: 724px) 100vw, 724px\" \/><\/a><\/div>\n","protected":false},"excerpt":{"rendered":"<p>O Projeto N\u00f3s da FAT promove sua terceira Roda de Conversa, desta vez com o tema &#8220;Povos Ind\u00edgenas e Quilombolas&#8221; trazendo para o debate os estudantes da Universidade Federal de Pelotas: Ant\u00f4nio Leonel Rodrigues Soares (Administra\u00e7\u00e3o), Jilvanni Farias (Medicina), e Laisa Kaingang (Mestrado em Antropologia).\u00a0O evento acontece dia 13 de junho (quarta-feira), das 17h \u00e0s &hellip; <\/p>\n<p><a class=\"more-link btn\" href=\"https:\/\/wp.ufpel.edu.br\/cursodeturismo\/2018\/06\/05\/3a-roda-de-conversa-do-projeto-nos\/\">Continue lendo<\/a><\/p>\n","protected":false},"author":115,"featured_media":0,"comment_status":"closed","ping_status":"closed","sticky":false,"template":"","format":"standard","meta":{"_jetpack_memberships_contains_paid_content":false,"footnotes":""},"categories":[18],"tags":[],"class_list":["post-1027","post","type-post","status-publish","format-standard","hentry","category-editais","item-wrap"],"jetpack_featured_media_url":"","jetpack_sharing_enabled":true,"_links":{"self":[{"href":"https:\/\/wp.ufpel.edu.br\/cursodeturismo\/wp-json\/wp\/v2\/posts\/1027","targetHints":{"allow":["GET"]}}],"collection":[{"href":"https:\/\/wp.ufpel.edu.br\/cursodeturismo\/wp-json\/wp\/v2\/posts"}],"about":[{"href":"https:\/\/wp.ufpel.edu.br\/cursodeturismo\/wp-json\/wp\/v2\/types\/post"}],"author":[{"embeddable":true,"href":"https:\/\/wp.ufpel.edu.br\/cursodeturismo\/wp-json\/wp\/v2\/users\/115"}],"replies":[{"embeddable":true,"href":"https:\/\/wp.ufpel.edu.br\/cursodeturismo\/wp-json\/wp\/v2\/comments?post=1027"}],"version-history":[{"count":1,"href":"https:\/\/wp.ufpel.edu.br\/cursodeturismo\/wp-json\/wp\/v2\/posts\/1027\/revisions"}],"predecessor-version":[{"id":1030,"href":"https:\/\/wp.ufpel.edu.br\/cursodeturismo\/wp-json\/wp\/v2\/posts\/1027\/revisions\/1030"}],"wp:attachment":[{"href":"https:\/\/wp.ufpel.edu.br\/cursodeturismo\/wp-json\/wp\/v2\/media?parent=1027"}],"wp:term":[{"taxonomy":"category","embeddable":true,"href":"https:\/\/wp.ufpel.edu.br\/cursodeturismo\/wp-json\/wp\/v2\/categories?post=1027"},{"taxonomy":"post_tag","embeddable":true,"href":"https:\/\/wp.ufpel.edu.br\/cursodeturismo\/wp-json\/wp\/v2\/tags?post=1027"}],"curies":[{"name":"wp","href":"https:\/\/api.w.org\/{rel}","templated":true}]}}