{"id":283,"date":"2019-09-10T13:20:09","date_gmt":"2019-09-10T16:20:09","guid":{"rendered":"https:\/\/wp.ufpel.edu.br\/cultivo\/?p=283"},"modified":"2021-09-04T16:54:37","modified_gmt":"2021-09-04T19:54:37","slug":"reuniao-17-capes-print-projeto-cultivo-de-alimentos-em-substratos-edificados","status":"publish","type":"post","link":"https:\/\/wp.ufpel.edu.br\/cultivo\/2019\/09\/10\/reuniao-17-capes-print-projeto-cultivo-de-alimentos-em-substratos-edificados\/","title":{"rendered":"Reuni\u00e3o 17 \u2013 CAPES PRINT \u2013 Projeto cultivo de alimentos em substratos edificados"},"content":{"rendered":"<p style=\"text-align: justify\">Reuni\u00e3o 17 \u2013 Projeto Cultivo de Alimentos (CAPES PRINT)<br \/>\nParticiparam da reuni\u00e3o os pesquisadores Viviane Ritter, Celina Maria Britto Correa, Lisandra Fachinello Krebs e\u00a0 Eduardo Grala da Cunha no dia 10 de setembro de 2019 para tratarem da seguinte pauta:<br \/>\n1) Informes Gerais<br \/>\na. \u2013 Reuni\u00e3o CAPESPRINT Institucional<br \/>\ni. 30\/11 \u2013 Relat\u00f3rio t\u00e9cnico do projeto (definimos o envio de dois artigos at\u00e9 final de novembro \u2013 Artigo 1 \u2013 JCEA, Eduardo, Viviane, Roberta, Daniela, Celina, Lisandra, Helayne e Mariana (Trabalho interdisciplinar); Artigo 2 \u2013 Lisandra e Erik (revis\u00e3o de literatura \u2013 Coberturas verdes e clima urbano;<br \/>\nii. 31\/12 \u2013 Relat\u00f3rio Financeiro;<br \/>\niii. Grupo 1 \u2013 Desenvolveram o levantamento de uma esp\u00e9cie \u2013 rabanete; Programaram as pr\u00f3ximas esp\u00e9cies a serem analisadas (temperos \u2013 salsa, manjeric\u00e3o, cebolinha, hortel\u00e3 e alecrim) e PANCS (capuchinha e amor perfeito);<br \/>\niv. Grupo 3 \u2013 Eduardo iniciou a estruturar o artigo para o JCEA;<br \/>\n2) Atividades e metas dos pesquisadores entre os dias 10\/09 e 17\/09:<br \/>\na. Grupo 1 \u2013 levantamento de dados de simula\u00e7\u00e3o computacional de uma esp\u00e9cie vegetal (tempero manjeric\u00e3o);<br \/>\nb. Grupo 2 \u2013 Mariana &#8211; Detalhamento de dois sistemas de camada artificial para sustenta\u00e7\u00e3o do substrato vegetal;<br \/>\nCelina \u2013 Finalizar a Introdu\u00e7\u00e3o do artigo;<br \/>\nc. Grupo 3 \u2013 Desenvolvimento da primeira vers\u00e3o do artigo a ser submetido para o Peri\u00f3dico Journal of Civil Engineering and Architecture com a compila\u00e7\u00e3o dos resultados dos primeiros 10 meses de pesquisa.<\/p>\n","protected":false},"excerpt":{"rendered":"<p>Reuni\u00e3o 17 \u2013 Projeto Cultivo de Alimentos (CAPES PRINT) Participaram da reuni\u00e3o os pesquisadores Viviane Ritter, Celina Maria Britto Correa, Lisandra Fachinello Krebs e\u00a0 Eduardo&#46;&#46;&#46;<\/p>\n","protected":false},"author":920,"featured_media":0,"comment_status":"closed","ping_status":"closed","sticky":false,"template":"","format":"standard","meta":{"footnotes":""},"categories":[9],"tags":[],"class_list":["post-283","post","type-post","status-publish","format-standard","hentry","category-reunioes"],"jetpack_featured_media_url":"","_links":{"self":[{"href":"https:\/\/wp.ufpel.edu.br\/cultivo\/wp-json\/wp\/v2\/posts\/283","targetHints":{"allow":["GET"]}}],"collection":[{"href":"https:\/\/wp.ufpel.edu.br\/cultivo\/wp-json\/wp\/v2\/posts"}],"about":[{"href":"https:\/\/wp.ufpel.edu.br\/cultivo\/wp-json\/wp\/v2\/types\/post"}],"author":[{"embeddable":true,"href":"https:\/\/wp.ufpel.edu.br\/cultivo\/wp-json\/wp\/v2\/users\/920"}],"replies":[{"embeddable":true,"href":"https:\/\/wp.ufpel.edu.br\/cultivo\/wp-json\/wp\/v2\/comments?post=283"}],"version-history":[{"count":2,"href":"https:\/\/wp.ufpel.edu.br\/cultivo\/wp-json\/wp\/v2\/posts\/283\/revisions"}],"predecessor-version":[{"id":296,"href":"https:\/\/wp.ufpel.edu.br\/cultivo\/wp-json\/wp\/v2\/posts\/283\/revisions\/296"}],"wp:attachment":[{"href":"https:\/\/wp.ufpel.edu.br\/cultivo\/wp-json\/wp\/v2\/media?parent=283"}],"wp:term":[{"taxonomy":"category","embeddable":true,"href":"https:\/\/wp.ufpel.edu.br\/cultivo\/wp-json\/wp\/v2\/categories?post=283"},{"taxonomy":"post_tag","embeddable":true,"href":"https:\/\/wp.ufpel.edu.br\/cultivo\/wp-json\/wp\/v2\/tags?post=283"}],"curies":[{"name":"wp","href":"https:\/\/api.w.org\/{rel}","templated":true}]}}