{"id":2125,"date":"2020-03-09T16:51:25","date_gmt":"2020-03-09T19:51:25","guid":{"rendered":"https:\/\/wp.ufpel.edu.br\/csttt\/?p=2125"},"modified":"2020-03-09T16:51:25","modified_gmt":"2020-03-09T19:51:25","slug":"prorrogados-os-prazos-para-correcao-de-matricula","status":"publish","type":"post","link":"https:\/\/wp.ufpel.edu.br\/csttt\/2020\/03\/09\/prorrogados-os-prazos-para-correcao-de-matricula\/","title":{"rendered":"Prorrogados os prazos para corre\u00e7\u00e3o de matr\u00edcula"},"content":{"rendered":"<p>Prezados alunos (as),<\/p>\n<p>Informamos que, devido \u00e0s assembleias da categoria dos servidores TAES,\u00a0ser\u00e3o prorrogados os prazos para corre\u00e7\u00e3o de matr\u00edculas e matr\u00edculas especiais nos colegiados, conforme segue:<\/p>\n<p>Corre\u00e7\u00e3o de Matr\u00edcula (de 02-06 de mar\u00e7o)\/<strong>NOVO PRAZO (02-10 de mar\u00e7o).<\/strong><\/p>\n<p>Att,<\/p>\n<p>A Secretaria<\/p>\n","protected":false},"excerpt":{"rendered":"<p>Prezados alunos (as), Informamos que, devido \u00e0s assembleias da categoria dos servidores TAES,\u00a0ser\u00e3o prorrogados os prazos para corre\u00e7\u00e3o de matr\u00edculas e matr\u00edculas especiais nos colegiados, conforme segue: Corre\u00e7\u00e3o de Matr\u00edcula (de 02-06 de mar\u00e7o)\/NOVO PRAZO (02-10 de mar\u00e7o). Att, A &hellip; <a href=\"https:\/\/wp.ufpel.edu.br\/csttt\/2020\/03\/09\/prorrogados-os-prazos-para-correcao-de-matricula\/\">Continue lendo <span class=\"meta-nav\">&rarr;<\/span><\/a><\/p>\n","protected":false},"author":259,"featured_media":0,"comment_status":"closed","ping_status":"closed","sticky":false,"template":"","format":"standard","meta":{"_jetpack_memberships_contains_paid_content":false,"footnotes":""},"categories":[18],"tags":[],"class_list":["post-2125","post","type-post","status-publish","format-standard","hentry","category-sem-categoria"],"jetpack_featured_media_url":"","jetpack_sharing_enabled":true,"_links":{"self":[{"href":"https:\/\/wp.ufpel.edu.br\/csttt\/wp-json\/wp\/v2\/posts\/2125","targetHints":{"allow":["GET"]}}],"collection":[{"href":"https:\/\/wp.ufpel.edu.br\/csttt\/wp-json\/wp\/v2\/posts"}],"about":[{"href":"https:\/\/wp.ufpel.edu.br\/csttt\/wp-json\/wp\/v2\/types\/post"}],"author":[{"embeddable":true,"href":"https:\/\/wp.ufpel.edu.br\/csttt\/wp-json\/wp\/v2\/users\/259"}],"replies":[{"embeddable":true,"href":"https:\/\/wp.ufpel.edu.br\/csttt\/wp-json\/wp\/v2\/comments?post=2125"}],"version-history":[{"count":1,"href":"https:\/\/wp.ufpel.edu.br\/csttt\/wp-json\/wp\/v2\/posts\/2125\/revisions"}],"predecessor-version":[{"id":2126,"href":"https:\/\/wp.ufpel.edu.br\/csttt\/wp-json\/wp\/v2\/posts\/2125\/revisions\/2126"}],"wp:attachment":[{"href":"https:\/\/wp.ufpel.edu.br\/csttt\/wp-json\/wp\/v2\/media?parent=2125"}],"wp:term":[{"taxonomy":"category","embeddable":true,"href":"https:\/\/wp.ufpel.edu.br\/csttt\/wp-json\/wp\/v2\/categories?post=2125"},{"taxonomy":"post_tag","embeddable":true,"href":"https:\/\/wp.ufpel.edu.br\/csttt\/wp-json\/wp\/v2\/tags?post=2125"}],"curies":[{"name":"wp","href":"https:\/\/api.w.org\/{rel}","templated":true}]}}