{"id":2017,"date":"2019-07-12T17:33:32","date_gmt":"2019-07-12T20:33:32","guid":{"rendered":"https:\/\/wp.ufpel.edu.br\/csttt\/?p=2017"},"modified":"2019-07-12T17:33:32","modified_gmt":"2019-07-12T20:33:32","slug":"secretaria-nao-abrira-dia-12-07","status":"publish","type":"post","link":"https:\/\/wp.ufpel.edu.br\/csttt\/2019\/07\/12\/secretaria-nao-abrira-dia-12-07\/","title":{"rendered":"Secretaria n\u00e3o abrir\u00e1 dia 12\/07"},"content":{"rendered":"<p>Prezados,<\/p>\n<p>Por motivos de sa\u00fade, a secretaria do CSTTT n\u00e3o abrir\u00e1 hoje, 12\/07.<\/p>\n<p>&nbsp;<\/p>\n<p>&nbsp;<\/p>\n<p>Att,<\/p>\n<p>A Secretaria<\/p>\n","protected":false},"excerpt":{"rendered":"<p>Prezados, Por motivos de sa\u00fade, a secretaria do CSTTT n\u00e3o abrir\u00e1 hoje, 12\/07. &nbsp; &nbsp; Att, A Secretaria<\/p>\n","protected":false},"author":259,"featured_media":0,"comment_status":"closed","ping_status":"closed","sticky":false,"template":"","format":"standard","meta":{"_jetpack_memberships_contains_paid_content":false,"footnotes":""},"categories":[18],"tags":[],"class_list":["post-2017","post","type-post","status-publish","format-standard","hentry","category-sem-categoria"],"jetpack_featured_media_url":"","jetpack_sharing_enabled":true,"_links":{"self":[{"href":"https:\/\/wp.ufpel.edu.br\/csttt\/wp-json\/wp\/v2\/posts\/2017","targetHints":{"allow":["GET"]}}],"collection":[{"href":"https:\/\/wp.ufpel.edu.br\/csttt\/wp-json\/wp\/v2\/posts"}],"about":[{"href":"https:\/\/wp.ufpel.edu.br\/csttt\/wp-json\/wp\/v2\/types\/post"}],"author":[{"embeddable":true,"href":"https:\/\/wp.ufpel.edu.br\/csttt\/wp-json\/wp\/v2\/users\/259"}],"replies":[{"embeddable":true,"href":"https:\/\/wp.ufpel.edu.br\/csttt\/wp-json\/wp\/v2\/comments?post=2017"}],"version-history":[{"count":1,"href":"https:\/\/wp.ufpel.edu.br\/csttt\/wp-json\/wp\/v2\/posts\/2017\/revisions"}],"predecessor-version":[{"id":2018,"href":"https:\/\/wp.ufpel.edu.br\/csttt\/wp-json\/wp\/v2\/posts\/2017\/revisions\/2018"}],"wp:attachment":[{"href":"https:\/\/wp.ufpel.edu.br\/csttt\/wp-json\/wp\/v2\/media?parent=2017"}],"wp:term":[{"taxonomy":"category","embeddable":true,"href":"https:\/\/wp.ufpel.edu.br\/csttt\/wp-json\/wp\/v2\/categories?post=2017"},{"taxonomy":"post_tag","embeddable":true,"href":"https:\/\/wp.ufpel.edu.br\/csttt\/wp-json\/wp\/v2\/tags?post=2017"}],"curies":[{"name":"wp","href":"https:\/\/api.w.org\/{rel}","templated":true}]}}