{"id":1957,"date":"2019-04-12T16:18:43","date_gmt":"2019-04-12T19:18:43","guid":{"rendered":"https:\/\/wp.ufpel.edu.br\/csttt\/?p=1957"},"modified":"2019-04-12T16:18:43","modified_gmt":"2019-04-12T19:18:43","slug":"curso-de-elaboracao-de-parklet","status":"publish","type":"post","link":"https:\/\/wp.ufpel.edu.br\/csttt\/2019\/04\/12\/curso-de-elaboracao-de-parklet\/","title":{"rendered":"Curso de Elabora\u00e7\u00e3o de Parklet"},"content":{"rendered":"<p style=\"font-weight: 400\">A Empresa P\u00fablica de Transporte e Circula\u00e7\u00e3o \u2013 EPTC convida:<\/p>\n<p style=\"font-weight: 400\">\n<p style=\"font-weight: 400\">\u201cCurso de Elabora\u00e7\u00e3o de Parklets\u201d, inscri\u00e7\u00e3o pelo site\u00a0<a href=\"https:\/\/www.sympla.com.br\/curso-de-elaboracao-de-parklets__495582\" data-saferedirecturl=\"https:\/\/www.google.com\/url?q=https:\/\/www.sympla.com.br\/curso-de-elaboracao-de-parklets__495582&amp;source=gmail&amp;ust=1555182562749000&amp;usg=AFQjCNGSPSmEZIYk8AScU0dAvWZLJjIP1g\">https:\/\/www.sympla.com.br\/curso-de-elaboracao-de-parklets__495582<\/a><\/p>\n<p style=\"font-weight: 400\"><a href=\"https:\/\/wp.ufpel.edu.br\/csttt\/files\/2019\/04\/image002.jpg\"><img loading=\"lazy\" decoding=\"async\" class=\"alignnone size-full wp-image-1958\" src=\"https:\/\/wp.ufpel.edu.br\/csttt\/files\/2019\/04\/image002.jpg\" alt=\"\" width=\"1308\" height=\"1065\" srcset=\"https:\/\/wp.ufpel.edu.br\/csttt\/files\/2019\/04\/image002.jpg 1308w, https:\/\/wp.ufpel.edu.br\/csttt\/files\/2019\/04\/image002-195x159.jpg 195w, https:\/\/wp.ufpel.edu.br\/csttt\/files\/2019\/04\/image002-391x318.jpg 391w, https:\/\/wp.ufpel.edu.br\/csttt\/files\/2019\/04\/image002-768x625.jpg 768w, https:\/\/wp.ufpel.edu.br\/csttt\/files\/2019\/04\/image002-368x300.jpg 368w\" sizes=\"auto, (max-width: 1308px) 100vw, 1308px\" \/><\/a><\/p>\n","protected":false},"excerpt":{"rendered":"<p>A Empresa P\u00fablica de Transporte e Circula\u00e7\u00e3o \u2013 EPTC convida: \u201cCurso de Elabora\u00e7\u00e3o de Parklets\u201d, inscri\u00e7\u00e3o pelo site\u00a0https:\/\/www.sympla.com.br\/curso-de-elaboracao-de-parklets__495582<\/p>\n","protected":false},"author":259,"featured_media":0,"comment_status":"closed","ping_status":"closed","sticky":false,"template":"","format":"standard","meta":{"_jetpack_memberships_contains_paid_content":false,"footnotes":""},"categories":[18],"tags":[],"class_list":["post-1957","post","type-post","status-publish","format-standard","hentry","category-sem-categoria"],"jetpack_featured_media_url":"","jetpack_sharing_enabled":true,"_links":{"self":[{"href":"https:\/\/wp.ufpel.edu.br\/csttt\/wp-json\/wp\/v2\/posts\/1957","targetHints":{"allow":["GET"]}}],"collection":[{"href":"https:\/\/wp.ufpel.edu.br\/csttt\/wp-json\/wp\/v2\/posts"}],"about":[{"href":"https:\/\/wp.ufpel.edu.br\/csttt\/wp-json\/wp\/v2\/types\/post"}],"author":[{"embeddable":true,"href":"https:\/\/wp.ufpel.edu.br\/csttt\/wp-json\/wp\/v2\/users\/259"}],"replies":[{"embeddable":true,"href":"https:\/\/wp.ufpel.edu.br\/csttt\/wp-json\/wp\/v2\/comments?post=1957"}],"version-history":[{"count":1,"href":"https:\/\/wp.ufpel.edu.br\/csttt\/wp-json\/wp\/v2\/posts\/1957\/revisions"}],"predecessor-version":[{"id":1959,"href":"https:\/\/wp.ufpel.edu.br\/csttt\/wp-json\/wp\/v2\/posts\/1957\/revisions\/1959"}],"wp:attachment":[{"href":"https:\/\/wp.ufpel.edu.br\/csttt\/wp-json\/wp\/v2\/media?parent=1957"}],"wp:term":[{"taxonomy":"category","embeddable":true,"href":"https:\/\/wp.ufpel.edu.br\/csttt\/wp-json\/wp\/v2\/categories?post=1957"},{"taxonomy":"post_tag","embeddable":true,"href":"https:\/\/wp.ufpel.edu.br\/csttt\/wp-json\/wp\/v2\/tags?post=1957"}],"curies":[{"name":"wp","href":"https:\/\/api.w.org\/{rel}","templated":true}]}}