{"id":1921,"date":"2019-02-28T18:46:19","date_gmt":"2019-02-28T21:46:19","guid":{"rendered":"https:\/\/wp.ufpel.edu.br\/csttt\/?p=1921"},"modified":"2019-02-28T18:48:03","modified_gmt":"2019-02-28T21:48:03","slug":"matricula-disciplina-calculo-e-estatistica-aplicada","status":"publish","type":"post","link":"https:\/\/wp.ufpel.edu.br\/csttt\/2019\/02\/28\/matricula-disciplina-calculo-e-estatistica-aplicada\/","title":{"rendered":"Matr\u00edcula disciplina C\u00e1lculo e Estat\u00edstica Aplicada"},"content":{"rendered":"<div>Prezados alunos,<\/div>\n<div>.<\/div>\n<div>.<\/div>\n<div>A secretaria informa que as matr\u00edculas para a disciplina de c\u00e1lculo ser\u00e3o direto no colegiado nesse semestre, no per\u00edodo de corre\u00e7\u00e3o , que come\u00e7ar\u00e1 no dia 06\/03.<\/div>\n<div>.<\/div>\n<div>.<\/div>\n<div>.<\/div>\n<div><\/div>\n<div>Att,<\/div>\n<div>.<\/div>\n<div>A Secretaria<\/div>\n<div>.<\/div>\n","protected":false},"excerpt":{"rendered":"<p>Prezados alunos, . . A secretaria informa que as matr\u00edculas para a disciplina de c\u00e1lculo ser\u00e3o direto no colegiado nesse semestre, no per\u00edodo de corre\u00e7\u00e3o , que come\u00e7ar\u00e1 no dia 06\/03. . . . Att, . A Secretaria .<\/p>\n","protected":false},"author":259,"featured_media":0,"comment_status":"closed","ping_status":"closed","sticky":false,"template":"","format":"standard","meta":{"_jetpack_memberships_contains_paid_content":false,"footnotes":""},"categories":[18],"tags":[],"class_list":["post-1921","post","type-post","status-publish","format-standard","hentry","category-sem-categoria"],"jetpack_featured_media_url":"","jetpack_sharing_enabled":true,"_links":{"self":[{"href":"https:\/\/wp.ufpel.edu.br\/csttt\/wp-json\/wp\/v2\/posts\/1921","targetHints":{"allow":["GET"]}}],"collection":[{"href":"https:\/\/wp.ufpel.edu.br\/csttt\/wp-json\/wp\/v2\/posts"}],"about":[{"href":"https:\/\/wp.ufpel.edu.br\/csttt\/wp-json\/wp\/v2\/types\/post"}],"author":[{"embeddable":true,"href":"https:\/\/wp.ufpel.edu.br\/csttt\/wp-json\/wp\/v2\/users\/259"}],"replies":[{"embeddable":true,"href":"https:\/\/wp.ufpel.edu.br\/csttt\/wp-json\/wp\/v2\/comments?post=1921"}],"version-history":[{"count":4,"href":"https:\/\/wp.ufpel.edu.br\/csttt\/wp-json\/wp\/v2\/posts\/1921\/revisions"}],"predecessor-version":[{"id":1925,"href":"https:\/\/wp.ufpel.edu.br\/csttt\/wp-json\/wp\/v2\/posts\/1921\/revisions\/1925"}],"wp:attachment":[{"href":"https:\/\/wp.ufpel.edu.br\/csttt\/wp-json\/wp\/v2\/media?parent=1921"}],"wp:term":[{"taxonomy":"category","embeddable":true,"href":"https:\/\/wp.ufpel.edu.br\/csttt\/wp-json\/wp\/v2\/categories?post=1921"},{"taxonomy":"post_tag","embeddable":true,"href":"https:\/\/wp.ufpel.edu.br\/csttt\/wp-json\/wp\/v2\/tags?post=1921"}],"curies":[{"name":"wp","href":"https:\/\/api.w.org\/{rel}","templated":true}]}}