{"id":1914,"date":"2019-02-26T16:53:06","date_gmt":"2019-02-26T19:53:06","guid":{"rendered":"https:\/\/wp.ufpel.edu.br\/csttt\/?p=1914"},"modified":"2019-02-26T18:34:24","modified_gmt":"2019-02-26T21:34:24","slug":"matriculas-online-cobalto","status":"publish","type":"post","link":"https:\/\/wp.ufpel.edu.br\/csttt\/2019\/02\/26\/matriculas-online-cobalto\/","title":{"rendered":"Matr\u00edculas online\/Cobalto"},"content":{"rendered":"<p>Prezados alunos,<\/p>\n<p>O per\u00edodo de solicita\u00e7\u00e3o de matr\u00edcula online teve come\u00e7o na sexta, dia 22\/02, estendendo-se at\u00e9 27\/02, quarta-feira. \u00c9 de fundamental import\u00e2ncia a observ\u00e2ncia dessas datas para a valida\u00e7\u00e3o da matr\u00edcula no semestre 2019\/1.<\/p>\n<p>Dia 01\/03 \u00e9 o in\u00edcio do per\u00edodo para os alunos consultarem a matr\u00edcula online.<\/p>\n<p>Dia 11\/03 tem in\u00edcio o semestre 2019\/1.<\/p>\n<p>Maiores informa\u00e7\u00f5es podem ser encontradas no calend\u00e1rio acad\u00eamico da Universidade no link <a href=\"https:\/\/wp.ufpel.edu.br\/cra\/files\/2019\/02\/Calend%C3%A1rio-Acad%C3%AAmico-2019_v02.pdf_\">https:\/\/wp.ufpel.edu.br\/cra\/files\/2019\/02\/Calend%C3%A1rio-Acad%C3%AAmico-2019_v02.pdf<span id=\"__caret\">_<\/span><\/a><\/p>\n<p>&nbsp;<\/p>\n<p>Att,<\/p>\n<p>A Secretaria<\/p>\n","protected":false},"excerpt":{"rendered":"<p>Prezados alunos, O per\u00edodo de solicita\u00e7\u00e3o de matr\u00edcula online teve come\u00e7o na sexta, dia 22\/02, estendendo-se at\u00e9 27\/02, quarta-feira. \u00c9 de fundamental import\u00e2ncia a observ\u00e2ncia dessas datas para a valida\u00e7\u00e3o da matr\u00edcula no semestre 2019\/1. Dia 01\/03 \u00e9 o in\u00edcio &hellip; <a href=\"https:\/\/wp.ufpel.edu.br\/csttt\/2019\/02\/26\/matriculas-online-cobalto\/\">Continue lendo <span class=\"meta-nav\">&rarr;<\/span><\/a><\/p>\n","protected":false},"author":259,"featured_media":0,"comment_status":"closed","ping_status":"closed","sticky":false,"template":"","format":"standard","meta":{"_jetpack_memberships_contains_paid_content":false,"footnotes":""},"categories":[18],"tags":[],"class_list":["post-1914","post","type-post","status-publish","format-standard","hentry","category-sem-categoria"],"jetpack_featured_media_url":"","jetpack_sharing_enabled":true,"_links":{"self":[{"href":"https:\/\/wp.ufpel.edu.br\/csttt\/wp-json\/wp\/v2\/posts\/1914","targetHints":{"allow":["GET"]}}],"collection":[{"href":"https:\/\/wp.ufpel.edu.br\/csttt\/wp-json\/wp\/v2\/posts"}],"about":[{"href":"https:\/\/wp.ufpel.edu.br\/csttt\/wp-json\/wp\/v2\/types\/post"}],"author":[{"embeddable":true,"href":"https:\/\/wp.ufpel.edu.br\/csttt\/wp-json\/wp\/v2\/users\/259"}],"replies":[{"embeddable":true,"href":"https:\/\/wp.ufpel.edu.br\/csttt\/wp-json\/wp\/v2\/comments?post=1914"}],"version-history":[{"count":3,"href":"https:\/\/wp.ufpel.edu.br\/csttt\/wp-json\/wp\/v2\/posts\/1914\/revisions"}],"predecessor-version":[{"id":1918,"href":"https:\/\/wp.ufpel.edu.br\/csttt\/wp-json\/wp\/v2\/posts\/1914\/revisions\/1918"}],"wp:attachment":[{"href":"https:\/\/wp.ufpel.edu.br\/csttt\/wp-json\/wp\/v2\/media?parent=1914"}],"wp:term":[{"taxonomy":"category","embeddable":true,"href":"https:\/\/wp.ufpel.edu.br\/csttt\/wp-json\/wp\/v2\/categories?post=1914"},{"taxonomy":"post_tag","embeddable":true,"href":"https:\/\/wp.ufpel.edu.br\/csttt\/wp-json\/wp\/v2\/tags?post=1914"}],"curies":[{"name":"wp","href":"https:\/\/api.w.org\/{rel}","templated":true}]}}