{"id":1840,"date":"2018-10-30T18:31:34","date_gmt":"2018-10-30T21:31:34","guid":{"rendered":"https:\/\/wp.ufpel.edu.br\/csttt\/?p=1840"},"modified":"2018-10-30T18:33:28","modified_gmt":"2018-10-30T21:33:28","slug":"convite-para-participacao-em-oficinas","status":"publish","type":"post","link":"https:\/\/wp.ufpel.edu.br\/csttt\/2018\/10\/30\/convite-para-participacao-em-oficinas\/","title":{"rendered":"Convite para participa\u00e7\u00e3o em oficinas"},"content":{"rendered":"<div>\n<div>A pedido da Prof.\u00aa Nat\u00e1lia<\/div>\n<div><\/div>\n<div>&#8230;<\/div>\n<div dir=\"auto\"><\/div>\n<div dir=\"auto\">Prezados,<\/div>\n<\/div>\n<div dir=\"auto\"><\/div>\n<div dir=\"auto\">Conforme divulga\u00e7\u00e3o abaixo, a UFPel, atrav\u00e9s da PRE, estar\u00e1 realizando no dia 05\/11, \u00e0s 19h, duas oficinas de aprendizagens para alunos do CSTTT.<\/div>\n<div>\n<div class=\"gmail_quote\">\n<div dir=\"ltr\">\n<div dir=\"auto\">.<\/div>\n<div dir=\"auto\">Est\u00e3o abertas as inscri\u00e7\u00f5es para as oficinas:<\/div>\n<div dir=\"auto\">.<\/div>\n<div dir=\"auto\">&#8211; \u201cEstrat\u00e9gias de\u00a0Autorregula\u00e7\u00e3o em prol da Leitura e Escrita\u201d<\/div>\n<div dir=\"auto\">&#8211; \u201cEstrat\u00e9gias de autorregula\u00e7\u00e3o da aprendizagem\u201d<\/div>\n<div dir=\"auto\">.<\/div>\n<div dir=\"auto\">As inscri\u00e7\u00f5es dever\u00e3o ser realizadas na secretaria por email:\u00a0<a href=\"mailto:secretaria.csttt@gmail.com\" target=\"_blank\" rel=\"noopener\">secretaria.csttt@gmail.com<\/a>\u00a0ou diretamente na secretaria.<\/div>\n<div dir=\"auto\">.<\/div>\n<div dir=\"auto\">Att.<\/div>\n<div dir=\"auto\">.<\/div>\n<div dir=\"auto\">Natalia<\/div>\n<div dir=\"auto\">.<\/div>\n<\/div>\n<\/div>\n<\/div>\n","protected":false},"excerpt":{"rendered":"<p>A pedido da Prof.\u00aa Nat\u00e1lia &#8230; Prezados, Conforme divulga\u00e7\u00e3o abaixo, a UFPel, atrav\u00e9s da PRE, estar\u00e1 realizando no dia 05\/11, \u00e0s 19h, duas oficinas de aprendizagens para alunos do CSTTT. . Est\u00e3o abertas as inscri\u00e7\u00f5es para as oficinas: . &#8211; &hellip; <a href=\"https:\/\/wp.ufpel.edu.br\/csttt\/2018\/10\/30\/convite-para-participacao-em-oficinas\/\">Continue lendo <span class=\"meta-nav\">&rarr;<\/span><\/a><\/p>\n","protected":false},"author":259,"featured_media":0,"comment_status":"closed","ping_status":"closed","sticky":false,"template":"","format":"standard","meta":{"_jetpack_memberships_contains_paid_content":false,"footnotes":""},"categories":[18],"tags":[],"class_list":["post-1840","post","type-post","status-publish","format-standard","hentry","category-sem-categoria"],"jetpack_featured_media_url":"","jetpack_sharing_enabled":true,"_links":{"self":[{"href":"https:\/\/wp.ufpel.edu.br\/csttt\/wp-json\/wp\/v2\/posts\/1840","targetHints":{"allow":["GET"]}}],"collection":[{"href":"https:\/\/wp.ufpel.edu.br\/csttt\/wp-json\/wp\/v2\/posts"}],"about":[{"href":"https:\/\/wp.ufpel.edu.br\/csttt\/wp-json\/wp\/v2\/types\/post"}],"author":[{"embeddable":true,"href":"https:\/\/wp.ufpel.edu.br\/csttt\/wp-json\/wp\/v2\/users\/259"}],"replies":[{"embeddable":true,"href":"https:\/\/wp.ufpel.edu.br\/csttt\/wp-json\/wp\/v2\/comments?post=1840"}],"version-history":[{"count":4,"href":"https:\/\/wp.ufpel.edu.br\/csttt\/wp-json\/wp\/v2\/posts\/1840\/revisions"}],"predecessor-version":[{"id":1844,"href":"https:\/\/wp.ufpel.edu.br\/csttt\/wp-json\/wp\/v2\/posts\/1840\/revisions\/1844"}],"wp:attachment":[{"href":"https:\/\/wp.ufpel.edu.br\/csttt\/wp-json\/wp\/v2\/media?parent=1840"}],"wp:term":[{"taxonomy":"category","embeddable":true,"href":"https:\/\/wp.ufpel.edu.br\/csttt\/wp-json\/wp\/v2\/categories?post=1840"},{"taxonomy":"post_tag","embeddable":true,"href":"https:\/\/wp.ufpel.edu.br\/csttt\/wp-json\/wp\/v2\/tags?post=1840"}],"curies":[{"name":"wp","href":"https:\/\/api.w.org\/{rel}","templated":true}]}}