{"id":1832,"date":"2018-10-24T16:51:29","date_gmt":"2018-10-24T19:51:29","guid":{"rendered":"https:\/\/wp.ufpel.edu.br\/csttt\/?p=1832"},"modified":"2018-10-24T16:54:41","modified_gmt":"2018-10-24T19:54:41","slug":"sexta-feira-26-nao-havera-aulas-nem-expediente-administrativo","status":"publish","type":"post","link":"https:\/\/wp.ufpel.edu.br\/csttt\/2018\/10\/24\/sexta-feira-26-nao-havera-aulas-nem-expediente-administrativo\/","title":{"rendered":"Sexta-feira, 26\/10, n\u00e3o haver\u00e1 aulas nem expediente administrativo."},"content":{"rendered":"<p>Prezados,<\/p>\n<div>Na sexta-feira, 26, n\u00e3o haver\u00e1 aulas nem expediente administrativo. A Escola esse ano ser\u00e1 zona eleitoral, haver\u00e1 urnas nas elei\u00e7\u00f5es de domingo e, sendo assim, o pr\u00e9dio ficar\u00e1 fechado a partir de sexta, somente os envolvidos com as elei\u00e7\u00f5es ter\u00e3o autoriza\u00e7\u00e3o para entrar no pr\u00e9dio. Segunda-feira, as atividades voltam \u00e0 normalidade.<\/div>\n<div>.<\/div>\n<div>Att,<\/div>\n<div>.<\/div>\n<div>A secretaria<\/div>\n<div>.<\/div>\n","protected":false},"excerpt":{"rendered":"<p>Prezados, Na sexta-feira, 26, n\u00e3o haver\u00e1 aulas nem expediente administrativo. A Escola esse ano ser\u00e1 zona eleitoral, haver\u00e1 urnas nas elei\u00e7\u00f5es de domingo e, sendo assim, o pr\u00e9dio ficar\u00e1 fechado a partir de sexta, somente os envolvidos com as elei\u00e7\u00f5es &hellip; <a href=\"https:\/\/wp.ufpel.edu.br\/csttt\/2018\/10\/24\/sexta-feira-26-nao-havera-aulas-nem-expediente-administrativo\/\">Continue lendo <span class=\"meta-nav\">&rarr;<\/span><\/a><\/p>\n","protected":false},"author":259,"featured_media":0,"comment_status":"closed","ping_status":"closed","sticky":false,"template":"","format":"standard","meta":{"_jetpack_memberships_contains_paid_content":false,"footnotes":""},"categories":[18],"tags":[],"class_list":["post-1832","post","type-post","status-publish","format-standard","hentry","category-sem-categoria"],"jetpack_featured_media_url":"","jetpack_sharing_enabled":true,"_links":{"self":[{"href":"https:\/\/wp.ufpel.edu.br\/csttt\/wp-json\/wp\/v2\/posts\/1832","targetHints":{"allow":["GET"]}}],"collection":[{"href":"https:\/\/wp.ufpel.edu.br\/csttt\/wp-json\/wp\/v2\/posts"}],"about":[{"href":"https:\/\/wp.ufpel.edu.br\/csttt\/wp-json\/wp\/v2\/types\/post"}],"author":[{"embeddable":true,"href":"https:\/\/wp.ufpel.edu.br\/csttt\/wp-json\/wp\/v2\/users\/259"}],"replies":[{"embeddable":true,"href":"https:\/\/wp.ufpel.edu.br\/csttt\/wp-json\/wp\/v2\/comments?post=1832"}],"version-history":[{"count":4,"href":"https:\/\/wp.ufpel.edu.br\/csttt\/wp-json\/wp\/v2\/posts\/1832\/revisions"}],"predecessor-version":[{"id":1836,"href":"https:\/\/wp.ufpel.edu.br\/csttt\/wp-json\/wp\/v2\/posts\/1832\/revisions\/1836"}],"wp:attachment":[{"href":"https:\/\/wp.ufpel.edu.br\/csttt\/wp-json\/wp\/v2\/media?parent=1832"}],"wp:term":[{"taxonomy":"category","embeddable":true,"href":"https:\/\/wp.ufpel.edu.br\/csttt\/wp-json\/wp\/v2\/categories?post=1832"},{"taxonomy":"post_tag","embeddable":true,"href":"https:\/\/wp.ufpel.edu.br\/csttt\/wp-json\/wp\/v2\/tags?post=1832"}],"curies":[{"name":"wp","href":"https:\/\/api.w.org\/{rel}","templated":true}]}}