{"id":1830,"date":"2018-10-19T16:30:40","date_gmt":"2018-10-19T19:30:40","guid":{"rendered":"https:\/\/wp.ufpel.edu.br\/csttt\/?p=1830"},"modified":"2018-10-19T16:30:40","modified_gmt":"2018-10-19T19:30:40","slug":"palestra-e-mesas-do-siiepe-ceg-divulgacao-comissao-das-licenciaturas","status":"publish","type":"post","link":"https:\/\/wp.ufpel.edu.br\/csttt\/2018\/10\/19\/palestra-e-mesas-do-siiepe-ceg-divulgacao-comissao-das-licenciaturas\/","title":{"rendered":"PALESTRA e MESAS DO SIIEPE\/CEG \u2013 DIVULGA\u00c7\u00c3O COMISS\u00c3O DAS LICENCIATURAS"},"content":{"rendered":"<p>Palestra: COM@VIVER: PROMOVER COMPORTAMENTOS PR\u00d3-SOCIAIS &#8211;<br \/>\nINTERVEN\u00c7\u00c3O E INVESTIGA\u00c7\u00c3O NO \u00c2MBITO DO CYBER BULLING<br \/>\nProf\u00aa Dr\u00aa Ana Margarida Veiga Sim\u00e3o (Universidade de Lisboa) Data: 23\/10\/2018<br \/>\nHor\u00e1rio: 14h \u2013 16h<br \/>\nLocal: Sala 309<\/p>\n<p>Mesa Redonda &#8211; DI\u00c1LOGOS POSS\u00cdVEIS ENTRE A UNIVERSIDADE E A<br \/>\nEDUCA\u00c7\u00c3O B\u00c1SICA,<br \/>\nProf\u00aa Luc\u00e9lia Gonzales Seus (SMED),<br \/>\nProf\u00aa Sandra \u00c1vila (5\u00aa CRE),<br \/>\nProf\u00aa Ligia Cardoso Carlos (UFPel)<br \/>\nData: 24\/10\/2018<br \/>\nHor\u00e1rio: 9h \u2013 11h<br \/>\nLocal: Campus II (rua Almirante Barroso, 1202) \u2013 sala 301<\/p>\n<p>Mesa Redonda &#8211; PERMAN\u00caNCIA E QUALIDADE ACAD\u00caMICA: A\u00c7\u00d5ES EM<br \/>\nDESENVOLVIMENTO NA UFPEL<br \/>\nProf. Fernando Camargo (UFPel)<br \/>\nProf\u00aa NadiaVelleda Caldas (UFPel)<br \/>\nProf. C\u00edcero Nachtigall(UFPel)<br \/>\nData: 25\/10\/2018<br \/>\nHor\u00e1rio:19h \u2013 21h<br \/>\nLocal: Campus II (rua Almirante Barroso, 1202) \u2013 sala 309<\/p>\n<p>Att,<\/p>\n<p>A secretaria<\/p>\n","protected":false},"excerpt":{"rendered":"<p>Palestra: COM@VIVER: PROMOVER COMPORTAMENTOS PR\u00d3-SOCIAIS &#8211; INTERVEN\u00c7\u00c3O E INVESTIGA\u00c7\u00c3O NO \u00c2MBITO DO CYBER BULLING Prof\u00aa Dr\u00aa Ana Margarida Veiga Sim\u00e3o (Universidade de Lisboa) Data: 23\/10\/2018 Hor\u00e1rio: 14h \u2013 16h Local: Sala 309 Mesa Redonda &#8211; DI\u00c1LOGOS POSS\u00cdVEIS ENTRE A UNIVERSIDADE &hellip; <a href=\"https:\/\/wp.ufpel.edu.br\/csttt\/2018\/10\/19\/palestra-e-mesas-do-siiepe-ceg-divulgacao-comissao-das-licenciaturas\/\">Continue lendo <span class=\"meta-nav\">&rarr;<\/span><\/a><\/p>\n","protected":false},"author":259,"featured_media":0,"comment_status":"closed","ping_status":"closed","sticky":false,"template":"","format":"standard","meta":{"_jetpack_memberships_contains_paid_content":false,"footnotes":""},"categories":[18],"tags":[],"class_list":["post-1830","post","type-post","status-publish","format-standard","hentry","category-sem-categoria"],"jetpack_featured_media_url":"","jetpack_sharing_enabled":true,"_links":{"self":[{"href":"https:\/\/wp.ufpel.edu.br\/csttt\/wp-json\/wp\/v2\/posts\/1830","targetHints":{"allow":["GET"]}}],"collection":[{"href":"https:\/\/wp.ufpel.edu.br\/csttt\/wp-json\/wp\/v2\/posts"}],"about":[{"href":"https:\/\/wp.ufpel.edu.br\/csttt\/wp-json\/wp\/v2\/types\/post"}],"author":[{"embeddable":true,"href":"https:\/\/wp.ufpel.edu.br\/csttt\/wp-json\/wp\/v2\/users\/259"}],"replies":[{"embeddable":true,"href":"https:\/\/wp.ufpel.edu.br\/csttt\/wp-json\/wp\/v2\/comments?post=1830"}],"version-history":[{"count":1,"href":"https:\/\/wp.ufpel.edu.br\/csttt\/wp-json\/wp\/v2\/posts\/1830\/revisions"}],"predecessor-version":[{"id":1831,"href":"https:\/\/wp.ufpel.edu.br\/csttt\/wp-json\/wp\/v2\/posts\/1830\/revisions\/1831"}],"wp:attachment":[{"href":"https:\/\/wp.ufpel.edu.br\/csttt\/wp-json\/wp\/v2\/media?parent=1830"}],"wp:term":[{"taxonomy":"category","embeddable":true,"href":"https:\/\/wp.ufpel.edu.br\/csttt\/wp-json\/wp\/v2\/categories?post=1830"},{"taxonomy":"post_tag","embeddable":true,"href":"https:\/\/wp.ufpel.edu.br\/csttt\/wp-json\/wp\/v2\/tags?post=1830"}],"curies":[{"name":"wp","href":"https:\/\/api.w.org\/{rel}","templated":true}]}}