{"id":1819,"date":"2018-10-03T19:00:01","date_gmt":"2018-10-03T22:00:01","guid":{"rendered":"https:\/\/wp.ufpel.edu.br\/csttt\/?p=1819"},"modified":"2018-10-03T19:30:27","modified_gmt":"2018-10-03T22:30:27","slug":"1819","status":"publish","type":"post","link":"https:\/\/wp.ufpel.edu.br\/csttt\/2018\/10\/03\/1819\/","title":{"rendered":"Sexta, dia 5\/10, n\u00e3o haver\u00e1 aulas e expediente administrativo"},"content":{"rendered":"<p>Prezados,<\/p>\n<div>Na sexta-feira, n\u00e3o haver\u00e1 aulas nem expediente administrativo. A Escola esse ano ser\u00e1 zona eleitoral, haver\u00e1 urnas nas elei\u00e7\u00f5es de domingo e, sendo assim, o pr\u00e9dio ficar\u00e1 fechado a partir de sexta, somente os envolvidos com as elei\u00e7\u00f5es ter\u00e3o autoriza\u00e7\u00e3o para entrar no pr\u00e9dio. Segunda-feira, as atividades voltam \u00e0 normalidade.<\/div>\n<div>.<\/div>\n<div>Att,<\/div>\n<div>.<\/div>\n<div>A secretaria<\/div>\n","protected":false},"excerpt":{"rendered":"<p>Prezados, Na sexta-feira, n\u00e3o haver\u00e1 aulas nem expediente administrativo. A Escola esse ano ser\u00e1 zona eleitoral, haver\u00e1 urnas nas elei\u00e7\u00f5es de domingo e, sendo assim, o pr\u00e9dio ficar\u00e1 fechado a partir de sexta, somente os envolvidos com as elei\u00e7\u00f5es ter\u00e3o &hellip; <a href=\"https:\/\/wp.ufpel.edu.br\/csttt\/2018\/10\/03\/1819\/\">Continue lendo <span class=\"meta-nav\">&rarr;<\/span><\/a><\/p>\n","protected":false},"author":259,"featured_media":0,"comment_status":"closed","ping_status":"closed","sticky":false,"template":"","format":"standard","meta":{"_jetpack_memberships_contains_paid_content":false,"footnotes":""},"categories":[18],"tags":[],"class_list":["post-1819","post","type-post","status-publish","format-standard","hentry","category-sem-categoria"],"jetpack_featured_media_url":"","jetpack_sharing_enabled":true,"_links":{"self":[{"href":"https:\/\/wp.ufpel.edu.br\/csttt\/wp-json\/wp\/v2\/posts\/1819","targetHints":{"allow":["GET"]}}],"collection":[{"href":"https:\/\/wp.ufpel.edu.br\/csttt\/wp-json\/wp\/v2\/posts"}],"about":[{"href":"https:\/\/wp.ufpel.edu.br\/csttt\/wp-json\/wp\/v2\/types\/post"}],"author":[{"embeddable":true,"href":"https:\/\/wp.ufpel.edu.br\/csttt\/wp-json\/wp\/v2\/users\/259"}],"replies":[{"embeddable":true,"href":"https:\/\/wp.ufpel.edu.br\/csttt\/wp-json\/wp\/v2\/comments?post=1819"}],"version-history":[{"count":4,"href":"https:\/\/wp.ufpel.edu.br\/csttt\/wp-json\/wp\/v2\/posts\/1819\/revisions"}],"predecessor-version":[{"id":1823,"href":"https:\/\/wp.ufpel.edu.br\/csttt\/wp-json\/wp\/v2\/posts\/1819\/revisions\/1823"}],"wp:attachment":[{"href":"https:\/\/wp.ufpel.edu.br\/csttt\/wp-json\/wp\/v2\/media?parent=1819"}],"wp:term":[{"taxonomy":"category","embeddable":true,"href":"https:\/\/wp.ufpel.edu.br\/csttt\/wp-json\/wp\/v2\/categories?post=1819"},{"taxonomy":"post_tag","embeddable":true,"href":"https:\/\/wp.ufpel.edu.br\/csttt\/wp-json\/wp\/v2\/tags?post=1819"}],"curies":[{"name":"wp","href":"https:\/\/api.w.org\/{rel}","templated":true}]}}